{"id":975,"date":"2019-07-25T08:42:03","date_gmt":"2019-07-25T11:42:03","guid":{"rendered":"http:\/\/www.terenos.ms.gov.br\/?p=975"},"modified":"2019-07-25T08:42:03","modified_gmt":"2019-07-25T11:42:03","slug":"comunicado-cronograma-da-coleta-de-lixo-domestico","status":"publish","type":"post","link":"https:\/\/www.terenos.ms.gov.br\/?p=975","title":{"rendered":"COMUNICADO: Cronograma da coleta de lixo dom\u00e9stico"},"content":{"rendered":"<p>A Prefeitura de Terenos, por meio do Departamento de Servi\u00e7os, vem a p\u00fablico apresentar o cronograma da coleta de lixo dom\u00e9stico que ser\u00e1 adotado nos bairros do munic\u00edpio, conforme estudo e an\u00e1lise da empresa respons\u00e1vel pelo servi\u00e7o. A coleta ser\u00e1 iniciada a partir das 5h da manh\u00e3. Segue abaixo:<\/p>\n<p>&#8211; SEGUNDA-FEIRA \/ QUARTA-FEIRA \/ SEXTA-FEIRA:<\/p>\n<div class=\"text_exposed_show\">\n<p>Centro, Jardim Am\u00e9rica, Vila Dem\u00e9tria Veiga, Vila Camilo Boni, Jardim Garcia Leal, Jardim Bodoquena 1, Jardim Bodoquena 2, Residencial Ant\u00f4nio H. de Rezende, Setor Industrial \u2013 Quadra 01, Setor Industrial \u2013 Quadra 02 e Vila Mariana \/ Ant\u00f4nio Valadares.<\/p>\n<p>&#8211; TER\u00c7A-FEIRA \/ QUINTA-FEIRA \/ S\u00c1BADO:<\/p>\n<p>Centro, Residencial C\u00e2ndida Maria de Rezende, Residencial Leandro Corr\u00eaa de Oliveira, Vila Ferreira, Residencial Heitor Rodrigues, Setor Industrial \u2013 Quadra 04, Usina de Reciclagem de Lixo, Jardim Alto Bel\u00e9m, Residencial Santa Terezinha, Loteamento Ch\u00e1cara Santa Terezinha, Conjunto Habitacional Terenos 1 e 2, Bairro Jos\u00e9 Cardoso, Residencial Armando L\u00facio Nantes, Conjunto Hab. Eduardo Perez Filho, Conjunto Habitacional Terenos 3, Setor Industrial \u2013 Quadra 03, Loteamento S\u00edtios Ninho Verde e Bairro Vivare.<\/p>\n<p>Assessoria de Imprensa<br \/>\nTexto\/Foto: Divulga\u00e7\u00e3o<\/p>\n<\/div>\n","protected":false},"excerpt":{"rendered":"<p>A Prefeitura de Terenos, por meio do Departamento de Servi\u00e7os, vem a p\u00fablico apresentar o cronograma da coleta de lixo dom\u00e9stico que ser\u00e1 adotado nos bairros do munic\u00edpio, conforme estudo e an\u00e1lise da empresa respons\u00e1vel pelo servi\u00e7o. A coleta ser\u00e1 iniciada a partir das 5h da manh\u00e3. Segue abaixo: &#8211; SEGUNDA-FEIRA \/ QUARTA-FEIRA \/ SEXTA-FEIRA: [&hellip;]<\/p>\n","protected":false},"author":2,"featured_media":976,"comment_status":"closed","ping_status":"closed","sticky":false,"template":"","format":"standard","meta":{"_et_pb_use_builder":"","_et_pb_old_content":"","_et_gb_content_width":"","footnotes":""},"categories":[1],"tags":[],"class_list":["post-975","post","type-post","status-publish","format-standard","has-post-thumbnail","hentry","category-sem-categoria"],"_links":{"self":[{"href":"https:\/\/www.terenos.ms.gov.br\/index.php?rest_route=\/wp\/v2\/posts\/975","targetHints":{"allow":["GET"]}}],"collection":[{"href":"https:\/\/www.terenos.ms.gov.br\/index.php?rest_route=\/wp\/v2\/posts"}],"about":[{"href":"https:\/\/www.terenos.ms.gov.br\/index.php?rest_route=\/wp\/v2\/types\/post"}],"author":[{"embeddable":true,"href":"https:\/\/www.terenos.ms.gov.br\/index.php?rest_route=\/wp\/v2\/users\/2"}],"replies":[{"embeddable":true,"href":"https:\/\/www.terenos.ms.gov.br\/index.php?rest_route=%2Fwp%2Fv2%2Fcomments&post=975"}],"version-history":[{"count":1,"href":"https:\/\/www.terenos.ms.gov.br\/index.php?rest_route=\/wp\/v2\/posts\/975\/revisions"}],"predecessor-version":[{"id":977,"href":"https:\/\/www.terenos.ms.gov.br\/index.php?rest_route=\/wp\/v2\/posts\/975\/revisions\/977"}],"wp:featuredmedia":[{"embeddable":true,"href":"https:\/\/www.terenos.ms.gov.br\/index.php?rest_route=\/wp\/v2\/media\/976"}],"wp:attachment":[{"href":"https:\/\/www.terenos.ms.gov.br\/index.php?rest_route=%2Fwp%2Fv2%2Fmedia&parent=975"}],"wp:term":[{"taxonomy":"category","embeddable":true,"href":"https:\/\/www.terenos.ms.gov.br\/index.php?rest_route=%2Fwp%2Fv2%2Fcategories&post=975"},{"taxonomy":"post_tag","embeddable":true,"href":"https:\/\/www.terenos.ms.gov.br\/index.php?rest_route=%2Fwp%2Fv2%2Ftags&post=975"}],"curies":[{"name":"wp","href":"https:\/\/api.w.org\/{rel}","templated":true}]}}