{"id":906,"date":"2019-06-27T09:41:42","date_gmt":"2019-06-27T12:41:42","guid":{"rendered":"http:\/\/www.terenos.ms.gov.br\/?p=906"},"modified":"2019-06-27T09:41:42","modified_gmt":"2019-06-27T12:41:42","slug":"comunicado-nao-havera-aula-nas-escolas-municipais","status":"publish","type":"post","link":"https:\/\/www.terenos.ms.gov.br\/?p=906","title":{"rendered":"COMUNICADO: N\u00e3o haver\u00e1 aula nas escolas municipais"},"content":{"rendered":"<p><span class=\"_5yl5\">A Prefeitura de Terenos, por meio do Departamento de Educa\u00e7\u00e3o, Cultura, Esporte e Lazer, informa que nesta sexta-feira (28) n\u00e3o haver\u00e1 aula nas escolas municipais, pois as mesmas estar\u00e3o realizando conselho de classe. Vale lembrar que as f\u00e9rias escolares tem in\u00edcio a partir do dia 01 de julho de 2019, com retorno das atividades no dia 17 de julho. Assessoria de Imprensa Texto\/Foto: Divulga\u00e7\u00e3o<\/span><\/p>\n","protected":false},"excerpt":{"rendered":"<p>A Prefeitura de Terenos, por meio do Departamento de Educa\u00e7\u00e3o, Cultura, Esporte e Lazer, informa que nesta sexta-feira (28) n\u00e3o haver\u00e1 aula nas escolas municipais, pois as mesmas estar\u00e3o realizando conselho de classe. Vale lembrar que as f\u00e9rias escolares tem in\u00edcio a partir do dia 01 de julho de 2019, com retorno das atividades no [&hellip;]<\/p>\n","protected":false},"author":2,"featured_media":907,"comment_status":"closed","ping_status":"closed","sticky":false,"template":"","format":"standard","meta":{"_et_pb_use_builder":"","_et_pb_old_content":"","_et_gb_content_width":"","footnotes":""},"categories":[1],"tags":[],"class_list":["post-906","post","type-post","status-publish","format-standard","has-post-thumbnail","hentry","category-sem-categoria"],"_links":{"self":[{"href":"https:\/\/www.terenos.ms.gov.br\/index.php?rest_route=\/wp\/v2\/posts\/906","targetHints":{"allow":["GET"]}}],"collection":[{"href":"https:\/\/www.terenos.ms.gov.br\/index.php?rest_route=\/wp\/v2\/posts"}],"about":[{"href":"https:\/\/www.terenos.ms.gov.br\/index.php?rest_route=\/wp\/v2\/types\/post"}],"author":[{"embeddable":true,"href":"https:\/\/www.terenos.ms.gov.br\/index.php?rest_route=\/wp\/v2\/users\/2"}],"replies":[{"embeddable":true,"href":"https:\/\/www.terenos.ms.gov.br\/index.php?rest_route=%2Fwp%2Fv2%2Fcomments&post=906"}],"version-history":[{"count":1,"href":"https:\/\/www.terenos.ms.gov.br\/index.php?rest_route=\/wp\/v2\/posts\/906\/revisions"}],"predecessor-version":[{"id":908,"href":"https:\/\/www.terenos.ms.gov.br\/index.php?rest_route=\/wp\/v2\/posts\/906\/revisions\/908"}],"wp:featuredmedia":[{"embeddable":true,"href":"https:\/\/www.terenos.ms.gov.br\/index.php?rest_route=\/wp\/v2\/media\/907"}],"wp:attachment":[{"href":"https:\/\/www.terenos.ms.gov.br\/index.php?rest_route=%2Fwp%2Fv2%2Fmedia&parent=906"}],"wp:term":[{"taxonomy":"category","embeddable":true,"href":"https:\/\/www.terenos.ms.gov.br\/index.php?rest_route=%2Fwp%2Fv2%2Fcategories&post=906"},{"taxonomy":"post_tag","embeddable":true,"href":"https:\/\/www.terenos.ms.gov.br\/index.php?rest_route=%2Fwp%2Fv2%2Ftags&post=906"}],"curies":[{"name":"wp","href":"https:\/\/api.w.org\/{rel}","templated":true}]}}