{"id":8953,"date":"2026-09-02T11:23:24","date_gmt":"2026-09-02T15:23:24","guid":{"rendered":"https:\/\/www.terenos.ms.gov.br\/?p=8953"},"modified":"2026-09-02T11:23:24","modified_gmt":"2026-09-02T15:23:24","slug":"12a-edicao-da-festa-do-ovo","status":"publish","type":"post","link":"https:\/\/www.terenos.ms.gov.br\/?p=8953","title":{"rendered":"12\u00aa EDI\u00c7\u00c3O DA FESTA DO OVO"},"content":{"rendered":"<h2 style=\"text-align: justify;\">Conhe\u00e7a a hist\u00f3ria da CAMVA<\/h2>\n<h3 style=\"text-align: justify;\">A avicultura que movimenta Terenos<\/h3>\n<p class=\"isSelectedEnd\" style=\"text-align: justify;\">A hist\u00f3ria da avicultura em Terenos est\u00e1 diretamente ligada \u00e0 chegada dos imigrantes japoneses ao munic\u00edpio, no final da d\u00e9cada de 1950. Vindas para a regi\u00e3o por meio da coloniza\u00e7\u00e3o da antiga Fazenda V\u00e1rzea Alegre, essas fam\u00edlias trouxeram consigo trabalho, determina\u00e7\u00e3o e esp\u00edrito empreendedor.<\/p>\n<p class=\"isSelectedEnd\" style=\"text-align: justify;\">Inicialmente, o cultivo de hortali\u00e7as, algod\u00e3o e arroz era a principal atividade. Por\u00e9m, diante das dificuldades encontradas na agricultura, as fam\u00edlias come\u00e7aram, em 1962, a investir na produ\u00e7\u00e3o de ovos \u2014 atividade que se tornaria um dos principais s\u00edmbolos da comunidade.<\/p>\n<p class=\"isSelectedEnd\" style=\"text-align: justify;\">Com o passar dos anos, a produ\u00e7\u00e3o foi se profissionalizando e ganhando escala. Foi nesse processo que nasceu a <strong>Cooperativa Agr\u00edcola Mista de V\u00e1rzea Alegre (CAMVA)<\/strong>, formada pelos produtores da regi\u00e3o.<\/p>\n<p class=\"isSelectedEnd\" style=\"text-align: justify;\">Hoje, a cooperativa re\u00fane <strong>26 cooperados<\/strong> e uma produ\u00e7\u00e3o expressiva, com cerca de <strong>882 mil ovos por dia<\/strong>, fortalecendo a avicultura e contribuindo diretamente para a gera\u00e7\u00e3o de empregos e para o desenvolvimento da economia de Terenos.<\/p>\n<p class=\"isSelectedEnd\" style=\"text-align: justify;\">Mais do que uma atividade econ\u00f4mica, a avicultura representa uma hist\u00f3ria constru\u00edda por gera\u00e7\u00f5es, marcada pela tradi\u00e7\u00e3o, inova\u00e7\u00e3o e pelo trabalho das fam\u00edlias que ajudaram a transformar Terenos em uma refer\u00eancia na produ\u00e7\u00e3o de ovos.<\/p>\n<h3 style=\"text-align: justify;\">E essa hist\u00f3ria continua!<\/h3>\n<p class=\"isSelectedEnd\" style=\"text-align: justify;\">\u00c9 para celebrar essa trajet\u00f3ria, valorizar os produtores e compartilhar com toda a comunidade a cultura e as tradi\u00e7\u00f5es que fazem parte dessa hist\u00f3ria que Terenos realiza a <strong>12\u00aa Festa do Ovo<\/strong>.<\/p>\n<p class=\"isSelectedEnd\" style=\"text-align: justify;\">Um evento que re\u00fane <strong>m\u00fasica, gastronomia, cultura, feira de economia criativa e muita celebra\u00e7\u00e3o<\/strong>, mostrando a for\u00e7a da avicultura e de quem faz essa hist\u00f3ria acontecer todos os dias.<\/p>\n<p style=\"text-align: justify;\"><strong>Venha celebrar com a gente a hist\u00f3ria, o trabalho e os sabores de Terenos!<\/strong><\/p>\n<p>&nbsp;<\/p>\n\n\t\t<style type=\"text\/css\">\n\t\t\t#gallery-1 {\n\t\t\t\tmargin: auto;\n\t\t\t}\n\t\t\t#gallery-1 .gallery-item {\n\t\t\t\tfloat: left;\n\t\t\t\tmargin-top: 10px;\n\t\t\t\ttext-align: center;\n\t\t\t\twidth: 33%;\n\t\t\t}\n\t\t\t#gallery-1 img {\n\t\t\t\tborder: 2px solid #cfcfcf;\n\t\t\t}\n\t\t\t#gallery-1 .gallery-caption {\n\t\t\t\tmargin-left: 0;\n\t\t\t}\n\t\t\t\/* see gallery_shortcode() in wp-includes\/media.php *\/\n\t\t<\/style>\n\t\t<div id='gallery-1' class='gallery galleryid-8953 gallery-columns-3 gallery-size-medium'><dl class='gallery-item'>\n\t\t\t<dt class='gallery-icon portrait'>\n\t\t\t\t<a href='https:\/\/www.terenos.ms.gov.br\/?attachment_id=8957'><img decoding=\"async\" width=\"240\" height=\"300\" src=\"https:\/\/www.terenos.ms.gov.br\/wp-content\/uploads\/IMG_3583.png\" class=\"attachment-medium size-medium\" alt=\"\" \/><\/a>\n\t\t\t<\/dt><\/dl><dl class='gallery-item'>\n\t\t\t<dt class='gallery-icon portrait'>\n\t\t\t\t<a href='https:\/\/www.terenos.ms.gov.br\/?attachment_id=8956'><img decoding=\"async\" width=\"240\" height=\"300\" src=\"https:\/\/www.terenos.ms.gov.br\/wp-content\/uploads\/IMG_3584.png\" class=\"attachment-medium size-medium\" alt=\"\" \/><\/a>\n\t\t\t<\/dt><\/dl><dl class='gallery-item'>\n\t\t\t<dt class='gallery-icon portrait'>\n\t\t\t\t<a href='https:\/\/www.terenos.ms.gov.br\/?attachment_id=8955'><img decoding=\"async\" width=\"240\" height=\"300\" src=\"https:\/\/www.terenos.ms.gov.br\/wp-content\/uploads\/IMG_3585.png\" class=\"attachment-medium size-medium\" alt=\"\" \/><\/a>\n\t\t\t<\/dt><\/dl><br style=\"clear: both\" \/>\n\t\t<\/div>\n\n","protected":false},"excerpt":{"rendered":"<p>Conhe\u00e7a a hist\u00f3ria da CAMVA A avicultura que movimenta Terenos A hist\u00f3ria da avicultura em Terenos est\u00e1 diretamente ligada \u00e0 chegada dos imigrantes japoneses ao munic\u00edpio, no final da d\u00e9cada de 1950. Vindas para a regi\u00e3o por meio da coloniza\u00e7\u00e3o da antiga Fazenda V\u00e1rzea Alegre, essas fam\u00edlias trouxeram consigo trabalho, determina\u00e7\u00e3o e esp\u00edrito empreendedor. Inicialmente, [&hellip;]<\/p>\n","protected":false},"author":5,"featured_media":8954,"comment_status":"closed","ping_status":"closed","sticky":false,"template":"","format":"standard","meta":{"_et_pb_use_builder":"","_et_pb_old_content":"","_et_gb_content_width":"","footnotes":""},"categories":[60],"tags":[],"class_list":["post-8953","post","type-post","status-publish","format-standard","has-post-thumbnail","hentry","category-cultura"],"_links":{"self":[{"href":"https:\/\/www.terenos.ms.gov.br\/index.php?rest_route=\/wp\/v2\/posts\/8953","targetHints":{"allow":["GET"]}}],"collection":[{"href":"https:\/\/www.terenos.ms.gov.br\/index.php?rest_route=\/wp\/v2\/posts"}],"about":[{"href":"https:\/\/www.terenos.ms.gov.br\/index.php?rest_route=\/wp\/v2\/types\/post"}],"author":[{"embeddable":true,"href":"https:\/\/www.terenos.ms.gov.br\/index.php?rest_route=\/wp\/v2\/users\/5"}],"replies":[{"embeddable":true,"href":"https:\/\/www.terenos.ms.gov.br\/index.php?rest_route=%2Fwp%2Fv2%2Fcomments&post=8953"}],"version-history":[{"count":1,"href":"https:\/\/www.terenos.ms.gov.br\/index.php?rest_route=\/wp\/v2\/posts\/8953\/revisions"}],"predecessor-version":[{"id":8958,"href":"https:\/\/www.terenos.ms.gov.br\/index.php?rest_route=\/wp\/v2\/posts\/8953\/revisions\/8958"}],"wp:featuredmedia":[{"embeddable":true,"href":"https:\/\/www.terenos.ms.gov.br\/index.php?rest_route=\/wp\/v2\/media\/8954"}],"wp:attachment":[{"href":"https:\/\/www.terenos.ms.gov.br\/index.php?rest_route=%2Fwp%2Fv2%2Fmedia&parent=8953"}],"wp:term":[{"taxonomy":"category","embeddable":true,"href":"https:\/\/www.terenos.ms.gov.br\/index.php?rest_route=%2Fwp%2Fv2%2Fcategories&post=8953"},{"taxonomy":"post_tag","embeddable":true,"href":"https:\/\/www.terenos.ms.gov.br\/index.php?rest_route=%2Fwp%2Fv2%2Ftags&post=8953"}],"curies":[{"name":"wp","href":"https:\/\/api.w.org\/{rel}","templated":true}]}}