{"id":8941,"date":"2026-08-31T12:21:21","date_gmt":"2026-08-31T16:21:21","guid":{"rendered":"https:\/\/www.terenos.ms.gov.br\/?p=8941"},"modified":"2026-08-31T12:21:21","modified_gmt":"2026-08-31T16:21:21","slug":"escola-municipal-alvaro-lopes-promove-pratica-inclusiva-durante-a-semana-nacional-da-pessoa-com-deficiencia","status":"publish","type":"post","link":"https:\/\/www.terenos.ms.gov.br\/?p=8941","title":{"rendered":"Escola Municipal \u00c1lvaro Lopes promove pr\u00e1tica inclusiva durante a Semana Nacional da Pessoa com Defici\u00eancia"},"content":{"rendered":"<p class=\"isSelectedEnd\" style=\"text-align: justify;\"><strong>Conscientiza\u00e7\u00e3o e sensibiliza\u00e7\u00e3o s\u00e3o caminhos importantes para promover o respeito e combater o preconceito e a discrimina\u00e7\u00e3o.<\/strong> Com esse prop\u00f3sito, a <strong>Escola Municipal \u00c1lvaro Lopes<\/strong> desenvolveu uma a\u00e7\u00e3o de pr\u00e1tica inclusiva com seus estudantes durante a <strong>Semana Nacional da Pessoa com Defici\u00eancia Intelectual e M\u00faltipla<\/strong>.<\/p>\n<p class=\"isSelectedEnd\" style=\"text-align: justify;\">Celebrada anualmente entre os dias <strong>21 e 28 de agosto<\/strong>, conforme estabelece a <strong>Lei n\u00ba 13.585\/2017<\/strong>, a Semana tem como objetivo ampliar o debate sobre inclus\u00e3o, fortalecer o respeito \u00e0s diferen\u00e7as e conscientizar a sociedade sobre os direitos das pessoas com defici\u00eancia.<\/p>\n<p class=\"isSelectedEnd\" style=\"text-align: justify;\">Na unidade escolar, a a\u00e7\u00e3o envolveu <strong>docentes e discentes<\/strong> em uma proposta voltada ao acolhimento, \u00e0 conviv\u00eancia e \u00e0 valoriza\u00e7\u00e3o das diferen\u00e7as. Por meio de pr\u00e1ticas inclusivas, a escola buscou chamar a aten\u00e7\u00e3o para a import\u00e2ncia do respeito e da empatia em todos os espa\u00e7os do ambiente escolar.<\/p>\n<p class=\"isSelectedEnd\" style=\"text-align: justify;\">A iniciativa refor\u00e7a que a inclus\u00e3o se constr\u00f3i diariamente, por meio de atitudes que reconhecem as potencialidades de cada estudante e contribuem para a supera\u00e7\u00e3o de barreiras. Ao promover experi\u00eancias que envolvem toda a comunidade escolar, a escola amplia as possibilidades de participa\u00e7\u00e3o e fortalece um ambiente mais acolhedor e acess\u00edvel.<\/p>\n<p class=\"isSelectedEnd\" style=\"text-align: justify;\">A a\u00e7\u00e3o faz parte do compromisso da <strong>Escola Municipal \u00c1lvaro Lopes<\/strong> com uma educa\u00e7\u00e3o que valoriza a diversidade, promove a igualdade de oportunidades e compreende que <strong>cada pessoa tem seu pr\u00f3prio jeito de aprender, participar e contribuir para a constru\u00e7\u00e3o de uma sociedade mais inclusiva<\/strong>.<\/p>\n<p style=\"text-align: justify;\"><strong>Todos juntos pela inclus\u00e3o, pelo respeito e pela valoriza\u00e7\u00e3o das diferen\u00e7as!<\/strong><\/p>\n","protected":false},"excerpt":{"rendered":"<p>Conscientiza\u00e7\u00e3o e sensibiliza\u00e7\u00e3o s\u00e3o caminhos importantes para promover o respeito e combater o preconceito e a discrimina\u00e7\u00e3o. Com esse prop\u00f3sito, a Escola Municipal \u00c1lvaro Lopes desenvolveu uma a\u00e7\u00e3o de pr\u00e1tica inclusiva com seus estudantes durante a Semana Nacional da Pessoa com Defici\u00eancia Intelectual e M\u00faltipla. Celebrada anualmente entre os dias 21 e 28 de agosto, [&hellip;]<\/p>\n","protected":false},"author":5,"featured_media":8942,"comment_status":"closed","ping_status":"closed","sticky":false,"template":"","format":"standard","meta":{"_et_pb_use_builder":"","_et_pb_old_content":"","_et_gb_content_width":"","footnotes":""},"categories":[51],"tags":[],"class_list":["post-8941","post","type-post","status-publish","format-standard","has-post-thumbnail","hentry","category-educacao"],"_links":{"self":[{"href":"https:\/\/www.terenos.ms.gov.br\/index.php?rest_route=\/wp\/v2\/posts\/8941","targetHints":{"allow":["GET"]}}],"collection":[{"href":"https:\/\/www.terenos.ms.gov.br\/index.php?rest_route=\/wp\/v2\/posts"}],"about":[{"href":"https:\/\/www.terenos.ms.gov.br\/index.php?rest_route=\/wp\/v2\/types\/post"}],"author":[{"embeddable":true,"href":"https:\/\/www.terenos.ms.gov.br\/index.php?rest_route=\/wp\/v2\/users\/5"}],"replies":[{"embeddable":true,"href":"https:\/\/www.terenos.ms.gov.br\/index.php?rest_route=%2Fwp%2Fv2%2Fcomments&post=8941"}],"version-history":[{"count":1,"href":"https:\/\/www.terenos.ms.gov.br\/index.php?rest_route=\/wp\/v2\/posts\/8941\/revisions"}],"predecessor-version":[{"id":8943,"href":"https:\/\/www.terenos.ms.gov.br\/index.php?rest_route=\/wp\/v2\/posts\/8941\/revisions\/8943"}],"wp:featuredmedia":[{"embeddable":true,"href":"https:\/\/www.terenos.ms.gov.br\/index.php?rest_route=\/wp\/v2\/media\/8942"}],"wp:attachment":[{"href":"https:\/\/www.terenos.ms.gov.br\/index.php?rest_route=%2Fwp%2Fv2%2Fmedia&parent=8941"}],"wp:term":[{"taxonomy":"category","embeddable":true,"href":"https:\/\/www.terenos.ms.gov.br\/index.php?rest_route=%2Fwp%2Fv2%2Fcategories&post=8941"},{"taxonomy":"post_tag","embeddable":true,"href":"https:\/\/www.terenos.ms.gov.br\/index.php?rest_route=%2Fwp%2Fv2%2Ftags&post=8941"}],"curies":[{"name":"wp","href":"https:\/\/api.w.org\/{rel}","templated":true}]}}