{"id":8938,"date":"2026-08-31T12:18:44","date_gmt":"2026-08-31T16:18:44","guid":{"rendered":"https:\/\/www.terenos.ms.gov.br\/?p=8938"},"modified":"2026-08-31T12:19:53","modified_gmt":"2026-08-31T16:19:53","slug":"jogos-escolares-inclusivos-promovem-integracao-e-valorizam-a-diversidade-na-escola-municipal-alvaro-lopes","status":"publish","type":"post","link":"https:\/\/www.terenos.ms.gov.br\/?p=8938","title":{"rendered":"Jogos Escolares Inclusivos promovem integra\u00e7\u00e3o e valorizam a diversidade na Escola Municipal \u00c1lvaro Lopes"},"content":{"rendered":"<p class=\"isSelectedEnd\" style=\"text-align: justify;\">Como parte das a\u00e7\u00f5es da <strong>Semana Nacional da Pessoa com Defici\u00eancia Intelectual e M\u00faltipla<\/strong>, a <strong>Escola Municipal \u00c1lvaro Lopes<\/strong> realizou, na manh\u00e3 do dia <strong>27 de agosto de 2026<\/strong>, os <strong>Jogos Escolares Inclusivos<\/strong>, promovendo um momento de integra\u00e7\u00e3o, participa\u00e7\u00e3o e valoriza\u00e7\u00e3o da diversidade no ambiente escolar.<\/p>\n<p class=\"isSelectedEnd\" style=\"text-align: justify;\">A iniciativa integra a programa\u00e7\u00e3o da Semana Nacional da Pessoa com Defici\u00eancia Intelectual e M\u00faltipla, celebrada anualmente de <strong>21 a 28 de agosto<\/strong>, conforme estabelece a <strong>Lei n\u00ba 13.585\/2017<\/strong>, per\u00edodo destinado \u00e0 conscientiza\u00e7\u00e3o da sociedade, ao combate ao preconceito e ao capacitismo e ao fortalecimento dos direitos de inclus\u00e3o social.<\/p>\n<p class=\"isSelectedEnd\" style=\"text-align: justify;\">Os jogos envolveram <strong>estudantes e professores<\/strong> em atividades que estimularam a participa\u00e7\u00e3o, a coopera\u00e7\u00e3o e a conviv\u00eancia, criando oportunidades para que todos pudessem vivenciar o ambiente escolar de maneira mais inclusiva e acolhedora.<\/p>\n<p class=\"isSelectedEnd\" style=\"text-align: justify;\">A a\u00e7\u00e3o tamb\u00e9m representa uma importante estrat\u00e9gia pedag\u00f3gica para contribuir na supera\u00e7\u00e3o das barreiras relacionadas \u00e0s defici\u00eancias e aos transtornos, promovendo um olhar mais atento \u00e0s necessidades individuais dos estudantes e valorizando suas potencialidades.<\/p>\n<p class=\"isSelectedEnd\" style=\"text-align: justify;\">Por meio de atividades l\u00fadicas e din\u00e2micas, os Jogos Escolares Inclusivos demonstram que a educa\u00e7\u00e3o inclusiva vai al\u00e9m da adapta\u00e7\u00e3o de pr\u00e1ticas: trata-se de construir um espa\u00e7o em que <strong>todos tenham a oportunidade de participar, aprender, interagir e se desenvolver<\/strong>.<\/p>\n<p class=\"isSelectedEnd\" style=\"text-align: justify;\">A iniciativa refor\u00e7a o compromisso da Escola Municipal \u00c1lvaro Lopes com uma educa\u00e7\u00e3o pautada no respeito, na equidade e na valoriza\u00e7\u00e3o das diferen\u00e7as, entendendo que um olhar humano e sens\u00edvel pode transformar as experi\u00eancias de ensino e aprendizagem.<\/p>\n<p style=\"text-align: justify;\"><strong>Inclus\u00e3o se constr\u00f3i com participa\u00e7\u00e3o, respeito e oportunidades para todos!<\/strong><\/p>\n","protected":false},"excerpt":{"rendered":"<p>Como parte das a\u00e7\u00f5es da Semana Nacional da Pessoa com Defici\u00eancia Intelectual e M\u00faltipla, a Escola Municipal \u00c1lvaro Lopes realizou, na manh\u00e3 do dia 27 de agosto de 2026, os Jogos Escolares Inclusivos, promovendo um momento de integra\u00e7\u00e3o, participa\u00e7\u00e3o e valoriza\u00e7\u00e3o da diversidade no ambiente escolar. A iniciativa integra a programa\u00e7\u00e3o da Semana Nacional da [&hellip;]<\/p>\n","protected":false},"author":5,"featured_media":8939,"comment_status":"closed","ping_status":"closed","sticky":false,"template":"","format":"standard","meta":{"_et_pb_use_builder":"","_et_pb_old_content":"","_et_gb_content_width":"","footnotes":""},"categories":[51],"tags":[],"class_list":["post-8938","post","type-post","status-publish","format-standard","has-post-thumbnail","hentry","category-educacao"],"_links":{"self":[{"href":"https:\/\/www.terenos.ms.gov.br\/index.php?rest_route=\/wp\/v2\/posts\/8938","targetHints":{"allow":["GET"]}}],"collection":[{"href":"https:\/\/www.terenos.ms.gov.br\/index.php?rest_route=\/wp\/v2\/posts"}],"about":[{"href":"https:\/\/www.terenos.ms.gov.br\/index.php?rest_route=\/wp\/v2\/types\/post"}],"author":[{"embeddable":true,"href":"https:\/\/www.terenos.ms.gov.br\/index.php?rest_route=\/wp\/v2\/users\/5"}],"replies":[{"embeddable":true,"href":"https:\/\/www.terenos.ms.gov.br\/index.php?rest_route=%2Fwp%2Fv2%2Fcomments&post=8938"}],"version-history":[{"count":1,"href":"https:\/\/www.terenos.ms.gov.br\/index.php?rest_route=\/wp\/v2\/posts\/8938\/revisions"}],"predecessor-version":[{"id":8940,"href":"https:\/\/www.terenos.ms.gov.br\/index.php?rest_route=\/wp\/v2\/posts\/8938\/revisions\/8940"}],"wp:featuredmedia":[{"embeddable":true,"href":"https:\/\/www.terenos.ms.gov.br\/index.php?rest_route=\/wp\/v2\/media\/8939"}],"wp:attachment":[{"href":"https:\/\/www.terenos.ms.gov.br\/index.php?rest_route=%2Fwp%2Fv2%2Fmedia&parent=8938"}],"wp:term":[{"taxonomy":"category","embeddable":true,"href":"https:\/\/www.terenos.ms.gov.br\/index.php?rest_route=%2Fwp%2Fv2%2Fcategories&post=8938"},{"taxonomy":"post_tag","embeddable":true,"href":"https:\/\/www.terenos.ms.gov.br\/index.php?rest_route=%2Fwp%2Fv2%2Ftags&post=8938"}],"curies":[{"name":"wp","href":"https:\/\/api.w.org\/{rel}","templated":true}]}}