{"id":8935,"date":"2026-08-31T12:16:46","date_gmt":"2026-08-31T16:16:46","guid":{"rendered":"https:\/\/www.terenos.ms.gov.br\/?p=8935"},"modified":"2026-08-31T12:16:46","modified_gmt":"2026-08-31T16:16:46","slug":"educacao-promove-formacao-para-fortalecer-a-inclusao-durante-a-semana-nacional-da-pessoa-com-deficiencia-intelectual-e-multipla","status":"publish","type":"post","link":"https:\/\/www.terenos.ms.gov.br\/?p=8935","title":{"rendered":"Educa\u00e7\u00e3o promove forma\u00e7\u00e3o para fortalecer a inclus\u00e3o durante a Semana Nacional da Pessoa com Defici\u00eancia Intelectual e M\u00faltipla"},"content":{"rendered":"<p class=\"isSelectedEnd\" style=\"text-align: justify;\">Em alus\u00e3o \u00e0 <strong>Semana Nacional da Pessoa com Defici\u00eancia Intelectual e M\u00faltipla<\/strong>, celebrada anualmente de 21 a 28 de agosto, conforme estabelece a <strong>Lei n\u00ba 13.585\/2017<\/strong>, a comunidade escolar promoveu uma a\u00e7\u00e3o voltada \u00e0 forma\u00e7\u00e3o e ao fortalecimento das pr\u00e1ticas de educa\u00e7\u00e3o inclusiva.<\/p>\n<p class=\"isSelectedEnd\" style=\"text-align: justify;\">A iniciativa teve como objetivo ampliar a conscientiza\u00e7\u00e3o sobre a import\u00e2ncia da inclus\u00e3o, contribuir para o enfrentamento do preconceito e do capacitismo e fortalecer a garantia dos direitos das pessoas com defici\u00eancia no ambiente escolar.<\/p>\n<p class=\"isSelectedEnd\" style=\"text-align: justify;\">Como parte da programa\u00e7\u00e3o, a dire\u00e7\u00e3o da <strong>Escola Municipal \u00c1lvaro Lopes<\/strong>, representada por <strong>Irlei Gomes Miranda<\/strong>, promoveu uma <strong>oficina de forma\u00e7\u00e3o sobre o Atendimento Educacional Especializado (AEE)<\/strong>, abordando seu papel no contexto escolar, a atua\u00e7\u00e3o dos profissionais e as pr\u00e1ticas metodol\u00f3gicas que contribuem para o trabalho integrado entre os diferentes setores da escola.<\/p>\n<p class=\"isSelectedEnd\" style=\"text-align: justify;\">A forma\u00e7\u00e3o foi direcionada aos profissionais da <strong>Sala de Recursos Multifuncionais (SRM)<\/strong> e da <strong>Sala de Apoio Pedag\u00f3gico (SAP)<\/strong>, com foco na compreens\u00e3o e aplica\u00e7\u00e3o do <strong>Estudo de Caso<\/strong>, importante instrumento para o planejamento e desenvolvimento das a\u00e7\u00f5es voltadas ao atendimento dos estudantes da educa\u00e7\u00e3o especial.<\/p>\n<p class=\"isSelectedEnd\" style=\"text-align: justify;\">A oficina tamb\u00e9m apresentou as diretrizes do <strong>Minist\u00e9rio da Educa\u00e7\u00e3o (MEC)<\/strong> relacionadas ao Atendimento Educacional Especializado, al\u00e9m dos <strong>14 volumes elaborados pelo Minist\u00e9rio<\/strong>, materiais que contribuem para ampliar a compreens\u00e3o sobre o AEE e o atendimento pedag\u00f3gico, auxiliando os profissionais no desenvolvimento de estrat\u00e9gias e pr\u00e1ticas educacionais mais inclusivas.<\/p>\n<p class=\"isSelectedEnd\" style=\"text-align: justify;\">A forma\u00e7\u00e3o representa uma a\u00e7\u00e3o de grande relev\u00e2ncia diante das constantes atualiza\u00e7\u00f5es na legisla\u00e7\u00e3o brasileira e do crescimento da demanda por atendimento na modalidade da educa\u00e7\u00e3o especial. Na Escola Municipal \u00c1lvaro Lopes, a iniciativa refor\u00e7a o compromisso com uma educa\u00e7\u00e3o que reconhece as singularidades de cada estudante e busca garantir condi\u00e7\u00f5es para sua participa\u00e7\u00e3o e aprendizagem.<\/p>\n<p class=\"isSelectedEnd\" style=\"text-align: justify;\">Mais do que uma semana de conscientiza\u00e7\u00e3o, o per\u00edodo dedicado \u00e0 <strong>Semana Nacional da Pessoa com Defici\u00eancia Intelectual e M\u00faltipla<\/strong> refor\u00e7a a necessidade de a\u00e7\u00f5es permanentes que promovam respeito, acessibilidade, equidade e inclus\u00e3o em todos os espa\u00e7os da sociedade.<\/p>\n<p style=\"text-align: justify;\"><strong>Todos juntos pela inclus\u00e3o!<\/strong><\/p>\n","protected":false},"excerpt":{"rendered":"<p>Em alus\u00e3o \u00e0 Semana Nacional da Pessoa com Defici\u00eancia Intelectual e M\u00faltipla, celebrada anualmente de 21 a 28 de agosto, conforme estabelece a Lei n\u00ba 13.585\/2017, a comunidade escolar promoveu uma a\u00e7\u00e3o voltada \u00e0 forma\u00e7\u00e3o e ao fortalecimento das pr\u00e1ticas de educa\u00e7\u00e3o inclusiva. A iniciativa teve como objetivo ampliar a conscientiza\u00e7\u00e3o sobre a import\u00e2ncia da [&hellip;]<\/p>\n","protected":false},"author":5,"featured_media":8936,"comment_status":"closed","ping_status":"closed","sticky":false,"template":"","format":"standard","meta":{"_et_pb_use_builder":"","_et_pb_old_content":"","_et_gb_content_width":"","footnotes":""},"categories":[51],"tags":[],"class_list":["post-8935","post","type-post","status-publish","format-standard","has-post-thumbnail","hentry","category-educacao"],"_links":{"self":[{"href":"https:\/\/www.terenos.ms.gov.br\/index.php?rest_route=\/wp\/v2\/posts\/8935","targetHints":{"allow":["GET"]}}],"collection":[{"href":"https:\/\/www.terenos.ms.gov.br\/index.php?rest_route=\/wp\/v2\/posts"}],"about":[{"href":"https:\/\/www.terenos.ms.gov.br\/index.php?rest_route=\/wp\/v2\/types\/post"}],"author":[{"embeddable":true,"href":"https:\/\/www.terenos.ms.gov.br\/index.php?rest_route=\/wp\/v2\/users\/5"}],"replies":[{"embeddable":true,"href":"https:\/\/www.terenos.ms.gov.br\/index.php?rest_route=%2Fwp%2Fv2%2Fcomments&post=8935"}],"version-history":[{"count":1,"href":"https:\/\/www.terenos.ms.gov.br\/index.php?rest_route=\/wp\/v2\/posts\/8935\/revisions"}],"predecessor-version":[{"id":8937,"href":"https:\/\/www.terenos.ms.gov.br\/index.php?rest_route=\/wp\/v2\/posts\/8935\/revisions\/8937"}],"wp:featuredmedia":[{"embeddable":true,"href":"https:\/\/www.terenos.ms.gov.br\/index.php?rest_route=\/wp\/v2\/media\/8936"}],"wp:attachment":[{"href":"https:\/\/www.terenos.ms.gov.br\/index.php?rest_route=%2Fwp%2Fv2%2Fmedia&parent=8935"}],"wp:term":[{"taxonomy":"category","embeddable":true,"href":"https:\/\/www.terenos.ms.gov.br\/index.php?rest_route=%2Fwp%2Fv2%2Fcategories&post=8935"},{"taxonomy":"post_tag","embeddable":true,"href":"https:\/\/www.terenos.ms.gov.br\/index.php?rest_route=%2Fwp%2Fv2%2Ftags&post=8935"}],"curies":[{"name":"wp","href":"https:\/\/api.w.org\/{rel}","templated":true}]}}