{"id":8527,"date":"2026-03-11T09:06:01","date_gmt":"2026-03-11T13:06:01","guid":{"rendered":"https:\/\/www.terenos.ms.gov.br\/?p=8527"},"modified":"2026-03-11T09:07:31","modified_gmt":"2026-03-11T13:07:31","slug":"cras-promove-acao-especial-em-homenagem-ao-dia-das-mulheres","status":"publish","type":"post","link":"https:\/\/www.terenos.ms.gov.br\/?p=8527","title":{"rendered":"CRAS promove a\u00e7\u00e3o especial em homenagem ao Dia das Mulheres"},"content":{"rendered":"<p style=\"text-align: justify;\" data-start=\"673\" data-end=\"999\">Nos dias 9 e 10, a Secretaria de Assist\u00eancia Social, por meio do Centro de Refer\u00eancia de Assist\u00eancia Social (CRAS), promoveu uma a\u00e7\u00e3o especial em comemora\u00e7\u00e3o ao Dia das Mulheres com as participantes do Servi\u00e7o de Conviv\u00eancia e Fortalecimento de V\u00ednculos (SCFV) e do Servi\u00e7o de Prote\u00e7\u00e3o e Atendimento Integral \u00e0 Fam\u00edlia (PAIF).<\/p>\n<p style=\"text-align: justify;\" data-start=\"1001\" data-end=\"1245\">A iniciativa teve como objetivo proporcionar um momento de cuidado, valoriza\u00e7\u00e3o e bem-estar \u00e0s participantes. Durante a programa\u00e7\u00e3o, foram oferecidos servi\u00e7os de maquiagem, cabelo, unhas e massagem, al\u00e9m de momentos de intera\u00e7\u00e3o e descontra\u00e7\u00e3o.<\/p>\n<p style=\"text-align: justify;\" data-start=\"1247\" data-end=\"1413\">A a\u00e7\u00e3o refor\u00e7a a import\u00e2ncia de promover espa\u00e7os de acolhimento, fortalecimento de v\u00ednculos e valoriza\u00e7\u00e3o das mulheres atendidas pelos servi\u00e7os da assist\u00eancia social.<\/p>\n","protected":false},"excerpt":{"rendered":"<p>Nos dias 9 e 10, a Secretaria de Assist\u00eancia Social, por meio do Centro de Refer\u00eancia de Assist\u00eancia Social (CRAS), promoveu uma a\u00e7\u00e3o especial em comemora\u00e7\u00e3o ao Dia das Mulheres com as participantes do Servi\u00e7o de Conviv\u00eancia e Fortalecimento de V\u00ednculos (SCFV) e do Servi\u00e7o de Prote\u00e7\u00e3o e Atendimento Integral \u00e0 Fam\u00edlia (PAIF). A iniciativa [&hellip;]<\/p>\n","protected":false},"author":5,"featured_media":8528,"comment_status":"closed","ping_status":"closed","sticky":false,"template":"","format":"standard","meta":{"_et_pb_use_builder":"","_et_pb_old_content":"","_et_gb_content_width":"","footnotes":""},"categories":[49],"tags":[],"class_list":["post-8527","post","type-post","status-publish","format-standard","has-post-thumbnail","hentry","category-assistencia-social"],"_links":{"self":[{"href":"https:\/\/www.terenos.ms.gov.br\/index.php?rest_route=\/wp\/v2\/posts\/8527","targetHints":{"allow":["GET"]}}],"collection":[{"href":"https:\/\/www.terenos.ms.gov.br\/index.php?rest_route=\/wp\/v2\/posts"}],"about":[{"href":"https:\/\/www.terenos.ms.gov.br\/index.php?rest_route=\/wp\/v2\/types\/post"}],"author":[{"embeddable":true,"href":"https:\/\/www.terenos.ms.gov.br\/index.php?rest_route=\/wp\/v2\/users\/5"}],"replies":[{"embeddable":true,"href":"https:\/\/www.terenos.ms.gov.br\/index.php?rest_route=%2Fwp%2Fv2%2Fcomments&post=8527"}],"version-history":[{"count":1,"href":"https:\/\/www.terenos.ms.gov.br\/index.php?rest_route=\/wp\/v2\/posts\/8527\/revisions"}],"predecessor-version":[{"id":8529,"href":"https:\/\/www.terenos.ms.gov.br\/index.php?rest_route=\/wp\/v2\/posts\/8527\/revisions\/8529"}],"wp:featuredmedia":[{"embeddable":true,"href":"https:\/\/www.terenos.ms.gov.br\/index.php?rest_route=\/wp\/v2\/media\/8528"}],"wp:attachment":[{"href":"https:\/\/www.terenos.ms.gov.br\/index.php?rest_route=%2Fwp%2Fv2%2Fmedia&parent=8527"}],"wp:term":[{"taxonomy":"category","embeddable":true,"href":"https:\/\/www.terenos.ms.gov.br\/index.php?rest_route=%2Fwp%2Fv2%2Fcategories&post=8527"},{"taxonomy":"post_tag","embeddable":true,"href":"https:\/\/www.terenos.ms.gov.br\/index.php?rest_route=%2Fwp%2Fv2%2Ftags&post=8527"}],"curies":[{"name":"wp","href":"https:\/\/api.w.org\/{rel}","templated":true}]}}