{"id":8524,"date":"2026-03-11T09:01:50","date_gmt":"2026-03-11T13:01:50","guid":{"rendered":"https:\/\/www.terenos.ms.gov.br\/?p=8524"},"modified":"2026-03-11T09:01:50","modified_gmt":"2026-03-11T13:01:50","slug":"momento-especial-marca-celebracao-do-dia-das-mulheres-com-servidoras","status":"publish","type":"post","link":"https:\/\/www.terenos.ms.gov.br\/?p=8524","title":{"rendered":"Momento especial marca celebra\u00e7\u00e3o do Dia das Mulheres com servidoras"},"content":{"rendered":"<p style=\"text-align: justify;\" data-start=\"184\" data-end=\"505\">Um momento especial de partilha, reflex\u00e3o e autocuidado foi realizado em comemora\u00e7\u00e3o ao Dia das Mulheres, reunindo servidoras em um encontro dedicado \u00e0 valoriza\u00e7\u00e3o feminina. A a\u00e7\u00e3o proporcionou um espa\u00e7o de di\u00e1logo, troca de experi\u00eancias e fortalecimento, destacando a import\u00e2ncia do cuidado com si mesma e com o pr\u00f3ximo.<\/p>\n<p style=\"text-align: justify;\" data-start=\"507\" data-end=\"720\">O encontro contou com a participa\u00e7\u00e3o de convidadas especiais que compartilharam suas viv\u00eancias e reflex\u00f5es: <strong data-start=\"615\" data-end=\"631\">Evelin Darj\u00f3<\/strong>, psic\u00f3loga; <strong data-start=\"644\" data-end=\"664\">Ros\u00e2ngela Barros<\/strong>, empres\u00e1ria; e <strong data-start=\"680\" data-end=\"691\">Andreia<\/strong>, primeira-dama do munic\u00edpio.<\/p>\n<p style=\"text-align: justify;\" data-start=\"722\" data-end=\"1003\">A iniciativa refor\u00e7a a import\u00e2ncia de reconhecer a for\u00e7a, a trajet\u00f3ria e o papel fundamental das mulheres que contribuem diariamente com dedica\u00e7\u00e3o e compromisso no servi\u00e7o p\u00fablico. O momento tamb\u00e9m destacou a import\u00e2ncia do autocuidado, da uni\u00e3o e do fortalecimento entre mulheres.<\/p>\n","protected":false},"excerpt":{"rendered":"<p>Um momento especial de partilha, reflex\u00e3o e autocuidado foi realizado em comemora\u00e7\u00e3o ao Dia das Mulheres, reunindo servidoras em um encontro dedicado \u00e0 valoriza\u00e7\u00e3o feminina. A a\u00e7\u00e3o proporcionou um espa\u00e7o de di\u00e1logo, troca de experi\u00eancias e fortalecimento, destacando a import\u00e2ncia do cuidado com si mesma e com o pr\u00f3ximo. O encontro contou com a participa\u00e7\u00e3o [&hellip;]<\/p>\n","protected":false},"author":5,"featured_media":8525,"comment_status":"closed","ping_status":"closed","sticky":false,"template":"","format":"standard","meta":{"_et_pb_use_builder":"","_et_pb_old_content":"","_et_gb_content_width":"","footnotes":""},"categories":[60],"tags":[],"class_list":["post-8524","post","type-post","status-publish","format-standard","has-post-thumbnail","hentry","category-cultura"],"_links":{"self":[{"href":"https:\/\/www.terenos.ms.gov.br\/index.php?rest_route=\/wp\/v2\/posts\/8524","targetHints":{"allow":["GET"]}}],"collection":[{"href":"https:\/\/www.terenos.ms.gov.br\/index.php?rest_route=\/wp\/v2\/posts"}],"about":[{"href":"https:\/\/www.terenos.ms.gov.br\/index.php?rest_route=\/wp\/v2\/types\/post"}],"author":[{"embeddable":true,"href":"https:\/\/www.terenos.ms.gov.br\/index.php?rest_route=\/wp\/v2\/users\/5"}],"replies":[{"embeddable":true,"href":"https:\/\/www.terenos.ms.gov.br\/index.php?rest_route=%2Fwp%2Fv2%2Fcomments&post=8524"}],"version-history":[{"count":1,"href":"https:\/\/www.terenos.ms.gov.br\/index.php?rest_route=\/wp\/v2\/posts\/8524\/revisions"}],"predecessor-version":[{"id":8526,"href":"https:\/\/www.terenos.ms.gov.br\/index.php?rest_route=\/wp\/v2\/posts\/8524\/revisions\/8526"}],"wp:featuredmedia":[{"embeddable":true,"href":"https:\/\/www.terenos.ms.gov.br\/index.php?rest_route=\/wp\/v2\/media\/8525"}],"wp:attachment":[{"href":"https:\/\/www.terenos.ms.gov.br\/index.php?rest_route=%2Fwp%2Fv2%2Fmedia&parent=8524"}],"wp:term":[{"taxonomy":"category","embeddable":true,"href":"https:\/\/www.terenos.ms.gov.br\/index.php?rest_route=%2Fwp%2Fv2%2Fcategories&post=8524"},{"taxonomy":"post_tag","embeddable":true,"href":"https:\/\/www.terenos.ms.gov.br\/index.php?rest_route=%2Fwp%2Fv2%2Ftags&post=8524"}],"curies":[{"name":"wp","href":"https:\/\/api.w.org\/{rel}","templated":true}]}}