{"id":8478,"date":"2026-01-28T12:12:14","date_gmt":"2026-01-28T16:12:14","guid":{"rendered":"https:\/\/www.terenos.ms.gov.br\/?p=8478"},"modified":"2026-01-28T12:12:14","modified_gmt":"2026-01-28T16:12:14","slug":"um-novo-comeco-para-50-familias-assistencia-social-inicia-etapa-do-minha-casa-minha-vida","status":"publish","type":"post","link":"https:\/\/www.terenos.ms.gov.br\/?p=8478","title":{"rendered":"Um novo come\u00e7o para 50 fam\u00edlias: Assist\u00eancia Social inicia etapa do Minha Casa, Minha Vida"},"content":{"rendered":"<p style=\"text-align: justify;\" data-start=\"751\" data-end=\"941\">A <strong data-start=\"753\" data-end=\"789\">Secretaria de Assist\u00eancia Social<\/strong> deu hoje um passo fundamental para as <strong data-start=\"828\" data-end=\"843\">50 fam\u00edlias<\/strong> beneficiadas pelo <strong data-start=\"862\" data-end=\"915\">Programa Minha Casa, Minha Vida \u2013 PMCMV Entidades<\/strong>, no Residencial Vivare.<\/p>\n<p style=\"text-align: justify;\" data-start=\"943\" data-end=\"1255\">Em parceria com a <strong data-start=\"961\" data-end=\"972\">APRUMES<\/strong> e a <strong data-start=\"977\" data-end=\"1004\">Caixa Econ\u00f4mica Federal<\/strong>, a equipe de Trabalho Social iniciou as atividades de acompanhamento social com os futuros moradores. Essa etapa \u00e9 essencial para orientar as fam\u00edlias, fortalecer os v\u00ednculos comunit\u00e1rios e promover o exerc\u00edcio da cidadania nessa nova fase de vida.<\/p>\n<p style=\"text-align: justify;\" data-start=\"1257\" data-end=\"1697\">O evento contou com a presen\u00e7a do <strong data-start=\"1291\" data-end=\"1319\">Prefeito\u00a0 Interino Arlindo Landolfi<\/strong>, da <strong data-start=\"1324\" data-end=\"1397\">Secret\u00e1ria de Assist\u00eancia Social, Viviane Servian Brites Brand\u00e3o<\/strong>, da <strong data-start=\"1402\" data-end=\"1472\">Coordenadora do Setor de Habita\u00e7\u00e3o do Munic\u00edpio, Maria Jerusa<\/strong>, do <strong data-start=\"1477\" data-end=\"1527\">Delegado da Pol\u00edcia Civil, Dr. Mateus Crovador<\/strong>, e da <strong data-start=\"1534\" data-end=\"1590\">Procuradora Jur\u00eddica do Munic\u00edpio, Amanda Staub<\/strong>, reafirmando o compromisso da gest\u00e3o municipal com o fortalecimento da pol\u00edtica habitacional em Terenos.<\/p>\n<p style=\"text-align: justify;\" data-start=\"1699\" data-end=\"1854\">A a\u00e7\u00e3o refor\u00e7a que a habita\u00e7\u00e3o vai al\u00e9m da constru\u00e7\u00e3o de moradias, promovendo dignidade, inclus\u00e3o social e qualidade de vida para as fam\u00edlias beneficiadas.<\/p>\n","protected":false},"excerpt":{"rendered":"<p>A Secretaria de Assist\u00eancia Social deu hoje um passo fundamental para as 50 fam\u00edlias beneficiadas pelo Programa Minha Casa, Minha Vida \u2013 PMCMV Entidades, no Residencial Vivare. Em parceria com a APRUMES e a Caixa Econ\u00f4mica Federal, a equipe de Trabalho Social iniciou as atividades de acompanhamento social com os futuros moradores. Essa etapa \u00e9 [&hellip;]<\/p>\n","protected":false},"author":5,"featured_media":8479,"comment_status":"closed","ping_status":"closed","sticky":false,"template":"","format":"standard","meta":{"_et_pb_use_builder":"","_et_pb_old_content":"","_et_gb_content_width":"","footnotes":""},"categories":[49],"tags":[],"class_list":["post-8478","post","type-post","status-publish","format-standard","has-post-thumbnail","hentry","category-assistencia-social"],"_links":{"self":[{"href":"https:\/\/www.terenos.ms.gov.br\/index.php?rest_route=\/wp\/v2\/posts\/8478","targetHints":{"allow":["GET"]}}],"collection":[{"href":"https:\/\/www.terenos.ms.gov.br\/index.php?rest_route=\/wp\/v2\/posts"}],"about":[{"href":"https:\/\/www.terenos.ms.gov.br\/index.php?rest_route=\/wp\/v2\/types\/post"}],"author":[{"embeddable":true,"href":"https:\/\/www.terenos.ms.gov.br\/index.php?rest_route=\/wp\/v2\/users\/5"}],"replies":[{"embeddable":true,"href":"https:\/\/www.terenos.ms.gov.br\/index.php?rest_route=%2Fwp%2Fv2%2Fcomments&post=8478"}],"version-history":[{"count":1,"href":"https:\/\/www.terenos.ms.gov.br\/index.php?rest_route=\/wp\/v2\/posts\/8478\/revisions"}],"predecessor-version":[{"id":8480,"href":"https:\/\/www.terenos.ms.gov.br\/index.php?rest_route=\/wp\/v2\/posts\/8478\/revisions\/8480"}],"wp:featuredmedia":[{"embeddable":true,"href":"https:\/\/www.terenos.ms.gov.br\/index.php?rest_route=\/wp\/v2\/media\/8479"}],"wp:attachment":[{"href":"https:\/\/www.terenos.ms.gov.br\/index.php?rest_route=%2Fwp%2Fv2%2Fmedia&parent=8478"}],"wp:term":[{"taxonomy":"category","embeddable":true,"href":"https:\/\/www.terenos.ms.gov.br\/index.php?rest_route=%2Fwp%2Fv2%2Fcategories&post=8478"},{"taxonomy":"post_tag","embeddable":true,"href":"https:\/\/www.terenos.ms.gov.br\/index.php?rest_route=%2Fwp%2Fv2%2Ftags&post=8478"}],"curies":[{"name":"wp","href":"https:\/\/api.w.org\/{rel}","templated":true}]}}