{"id":8379,"date":"2025-11-18T12:10:17","date_gmt":"2025-11-18T16:10:17","guid":{"rendered":"https:\/\/www.terenos.ms.gov.br\/?p=8379"},"modified":"2025-11-18T12:10:32","modified_gmt":"2025-11-18T16:10:32","slug":"momento-de-cuidado-acolhimento-e-bem-estar-para-as-mulheres-assistidas-pelo-cras","status":"publish","type":"post","link":"https:\/\/www.terenos.ms.gov.br\/?p=8379","title":{"rendered":"Momento de cuidado, acolhimento e bem-estar para as mulheres assistidas pelo CRAS"},"content":{"rendered":"<p style=\"text-align: justify;\" data-start=\"205\" data-end=\"504\">O Centro de Refer\u00eancia de Assist\u00eancia Social (CRAS), por meio do Programa de Aten\u00e7\u00e3o Integral \u00e0 Fam\u00edlia (PAIF), promoveu um dia especial voltado ao autocuidado das mulheres atendidas. A a\u00e7\u00e3o teve como objetivo proporcionar um espa\u00e7o de relaxamento, fortalecimento emocional e conex\u00e3o consigo mesmas.<\/p>\n<p style=\"text-align: justify;\" data-start=\"506\" data-end=\"850\">Durante o encontro, as participantes vivenciaram pr\u00e1ticas de <strong data-start=\"567\" data-end=\"582\">escalda-p\u00e9s<\/strong> e <strong data-start=\"585\" data-end=\"601\">automassagem<\/strong>, t\u00e9cnicas simples, por\u00e9m extremamente eficazes para aliviar tens\u00f5es, reduzir o estresse e promover sensa\u00e7\u00e3o de aconchego e leveza. Al\u00e9m de cuidar do corpo, o momento tamb\u00e9m favoreceu conversas, troca de experi\u00eancias e acolhimento entre as mulheres.<\/p>\n<p style=\"text-align: justify;\" data-start=\"852\" data-end=\"1027\">Essas a\u00e7\u00f5es refor\u00e7am o compromisso do CRAS em promover qualidade de vida, fortalecer v\u00ednculos e oferecer ambientes seguros e acolhedores para todas as fam\u00edlias acompanhadas.<\/p>\n<p style=\"text-align: justify;\" data-start=\"1029\" data-end=\"1120\">Cuidar de quem cuida transforma vidas\u00a0 e seguimos juntos por mais bem-estar e inclus\u00e3o.<\/p>\n","protected":false},"excerpt":{"rendered":"<p>O Centro de Refer\u00eancia de Assist\u00eancia Social (CRAS), por meio do Programa de Aten\u00e7\u00e3o Integral \u00e0 Fam\u00edlia (PAIF), promoveu um dia especial voltado ao autocuidado das mulheres atendidas. A a\u00e7\u00e3o teve como objetivo proporcionar um espa\u00e7o de relaxamento, fortalecimento emocional e conex\u00e3o consigo mesmas. Durante o encontro, as participantes vivenciaram pr\u00e1ticas de escalda-p\u00e9s e automassagem, [&hellip;]<\/p>\n","protected":false},"author":5,"featured_media":8382,"comment_status":"closed","ping_status":"closed","sticky":false,"template":"","format":"standard","meta":{"_et_pb_use_builder":"","_et_pb_old_content":"","_et_gb_content_width":"","footnotes":""},"categories":[49,14],"tags":[],"class_list":["post-8379","post","type-post","status-publish","format-standard","has-post-thumbnail","hentry","category-assistencia-social","category-saude"],"_links":{"self":[{"href":"https:\/\/www.terenos.ms.gov.br\/index.php?rest_route=\/wp\/v2\/posts\/8379","targetHints":{"allow":["GET"]}}],"collection":[{"href":"https:\/\/www.terenos.ms.gov.br\/index.php?rest_route=\/wp\/v2\/posts"}],"about":[{"href":"https:\/\/www.terenos.ms.gov.br\/index.php?rest_route=\/wp\/v2\/types\/post"}],"author":[{"embeddable":true,"href":"https:\/\/www.terenos.ms.gov.br\/index.php?rest_route=\/wp\/v2\/users\/5"}],"replies":[{"embeddable":true,"href":"https:\/\/www.terenos.ms.gov.br\/index.php?rest_route=%2Fwp%2Fv2%2Fcomments&post=8379"}],"version-history":[{"count":2,"href":"https:\/\/www.terenos.ms.gov.br\/index.php?rest_route=\/wp\/v2\/posts\/8379\/revisions"}],"predecessor-version":[{"id":8384,"href":"https:\/\/www.terenos.ms.gov.br\/index.php?rest_route=\/wp\/v2\/posts\/8379\/revisions\/8384"}],"wp:featuredmedia":[{"embeddable":true,"href":"https:\/\/www.terenos.ms.gov.br\/index.php?rest_route=\/wp\/v2\/media\/8382"}],"wp:attachment":[{"href":"https:\/\/www.terenos.ms.gov.br\/index.php?rest_route=%2Fwp%2Fv2%2Fmedia&parent=8379"}],"wp:term":[{"taxonomy":"category","embeddable":true,"href":"https:\/\/www.terenos.ms.gov.br\/index.php?rest_route=%2Fwp%2Fv2%2Fcategories&post=8379"},{"taxonomy":"post_tag","embeddable":true,"href":"https:\/\/www.terenos.ms.gov.br\/index.php?rest_route=%2Fwp%2Fv2%2Ftags&post=8379"}],"curies":[{"name":"wp","href":"https:\/\/api.w.org\/{rel}","templated":true}]}}