{"id":8242,"date":"2025-10-06T07:57:31","date_gmt":"2025-10-06T11:57:31","guid":{"rendered":"https:\/\/www.terenos.ms.gov.br\/?p=8242"},"modified":"2025-10-06T14:52:58","modified_gmt":"2025-10-06T18:52:58","slug":"1a-corrida-das-cores-anima-manha-na-escola-rosa-idalina-%f0%9f%8c%88","status":"publish","type":"post","link":"https:\/\/www.terenos.ms.gov.br\/?p=8242","title":{"rendered":"1\u00aa Corrida das Cores da Escola Rosa Idalina anima a manh\u00e3 de s\u00e1bado no parque"},"content":{"rendered":"<p style=\"text-align: justify;\" data-start=\"242\" data-end=\"532\">Foi realizada no s\u00e1bado (4) a <strong data-start=\"272\" data-end=\"296\">1\u00aa Corrida das Cores<\/strong> da <strong data-start=\"300\" data-end=\"323\">Escola Rosa Idalina<\/strong>, em comemora\u00e7\u00e3o ao <strong data-start=\"343\" data-end=\"363\">m\u00eas das crian\u00e7as<\/strong>. O evento encheu a manh\u00e3 de alegria, energia e muitas risadas, reunindo alunos, professores e comunidade escolar em um momento de integra\u00e7\u00e3o e celebra\u00e7\u00e3o da inf\u00e2ncia.<\/p>\n<p style=\"text-align: justify;\" data-start=\"534\" data-end=\"765\">Um dos destaques da a\u00e7\u00e3o foi o empenho da Diretora Elizene Xavier e da professora Karla Polianna que prepararam o p\u00f3 colorido utilizado na corrida. O processo exigiu tempo, cuidado e muita dedica\u00e7\u00e3o, demonstrando o carinho e o comprometimento da equipe com cada detalhe.<\/p>\n<p style=\"text-align: justify;\" data-start=\"767\" data-end=\"840\">A professora <strong data-start=\"780\" data-end=\"801\">Adriana Rodrigues<\/strong> destacou a import\u00e2ncia da atividade:<\/p>\n<blockquote data-start=\"842\" data-end=\"1173\">\n<p data-start=\"844\" data-end=\"1173\">\u201cA comemora\u00e7\u00e3o do Dia das Crian\u00e7as com a Corrida das Cores \u00e9 um momento muito especial. \u00c9 uma confraterniza\u00e7\u00e3o repleta de alegria e cores, em que as crian\u00e7as se divertem, os professores participam e toda a comunidade se une. \u00c9 importante que tenhamos mais eventos assim abertos, alegres e que aproximem ainda mais todos n\u00f3s.\u201d<\/p>\n<\/blockquote>\n<p style=\"text-align: justify;\" data-start=\"1175\" data-end=\"1285\">A manh\u00e3 foi marcada por divers\u00e3o, cores e emo\u00e7\u00e3o, uma experi\u00eancia inesquec\u00edvel para todos os participantes!<\/p>\n\n\t\t<style type=\"text\/css\">\n\t\t\t#gallery-1 {\n\t\t\t\tmargin: auto;\n\t\t\t}\n\t\t\t#gallery-1 .gallery-item {\n\t\t\t\tfloat: left;\n\t\t\t\tmargin-top: 10px;\n\t\t\t\ttext-align: center;\n\t\t\t\twidth: 50%;\n\t\t\t}\n\t\t\t#gallery-1 img {\n\t\t\t\tborder: 2px solid #cfcfcf;\n\t\t\t}\n\t\t\t#gallery-1 .gallery-caption {\n\t\t\t\tmargin-left: 0;\n\t\t\t}\n\t\t\t\/* see gallery_shortcode() in wp-includes\/media.php *\/\n\t\t<\/style>\n\t\t<div id='gallery-1' class='gallery galleryid-8242 gallery-columns-2 gallery-size-full'><dl class='gallery-item'>\n\t\t\t<dt class='gallery-icon portrait'>\n\t\t\t\t<a href='https:\/\/www.terenos.ms.gov.br\/?attachment_id=8245'><img decoding=\"async\" width=\"1125\" height=\"1985\" src=\"https:\/\/www.terenos.ms.gov.br\/wp-content\/uploads\/IMG_6434-1.jpeg\" class=\"attachment-full size-full\" alt=\"\" \/><\/a>\n\t\t\t<\/dt><\/dl><dl class='gallery-item'>\n\t\t\t<dt class='gallery-icon portrait'>\n\t\t\t\t<a href='https:\/\/www.terenos.ms.gov.br\/?attachment_id=8246'><img decoding=\"async\" width=\"2066\" height=\"3672\" src=\"https:\/\/www.terenos.ms.gov.br\/wp-content\/uploads\/IMG_6403.jpeg\" class=\"attachment-full size-full\" alt=\"\" \/><\/a>\n\t\t\t<\/dt><\/dl><br style=\"clear: both\" \/><dl class='gallery-item'>\n\t\t\t<dt class='gallery-icon portrait'>\n\t\t\t\t<a href='https:\/\/www.terenos.ms.gov.br\/?attachment_id=8248'><img decoding=\"async\" width=\"1125\" height=\"1943\" src=\"https:\/\/www.terenos.ms.gov.br\/wp-content\/uploads\/IMG_6435-1.jpeg\" class=\"attachment-full size-full\" alt=\"\" \/><\/a>\n\t\t\t<\/dt><\/dl><dl class='gallery-item'>\n\t\t\t<dt class='gallery-icon portrait'>\n\t\t\t\t<a href='https:\/\/www.terenos.ms.gov.br\/?attachment_id=8250'><img decoding=\"async\" width=\"1125\" height=\"1861\" src=\"https:\/\/www.terenos.ms.gov.br\/wp-content\/uploads\/IMG_6437.jpeg\" class=\"attachment-full size-full\" alt=\"\" \/><\/a>\n\t\t\t<\/dt><\/dl><br style=\"clear: both\" \/><dl class='gallery-item'>\n\t\t\t<dt class='gallery-icon portrait'>\n\t\t\t\t<a href='https:\/\/www.terenos.ms.gov.br\/?attachment_id=8251'><img decoding=\"async\" width=\"1125\" height=\"1925\" src=\"https:\/\/www.terenos.ms.gov.br\/wp-content\/uploads\/IMG_6438.jpeg\" class=\"attachment-full size-full\" alt=\"\" \/><\/a>\n\t\t\t<\/dt><\/dl><dl class='gallery-item'>\n\t\t\t<dt class='gallery-icon portrait'>\n\t\t\t\t<a href='https:\/\/www.terenos.ms.gov.br\/?attachment_id=8252'><img decoding=\"async\" width=\"2268\" height=\"4032\" src=\"https:\/\/www.terenos.ms.gov.br\/wp-content\/uploads\/IMG_6418.jpeg\" class=\"attachment-full size-full\" alt=\"\" \/><\/a>\n\t\t\t<\/dt><\/dl><br style=\"clear: both\" \/><dl class='gallery-item'>\n\t\t\t<dt class='gallery-icon portrait'>\n\t\t\t\t<a href='https:\/\/www.terenos.ms.gov.br\/?attachment_id=8253'><img decoding=\"async\" width=\"1125\" height=\"1989\" src=\"https:\/\/www.terenos.ms.gov.br\/wp-content\/uploads\/IMG_6436-1.jpeg\" class=\"attachment-full size-full\" alt=\"\" \/><\/a>\n\t\t\t<\/dt><\/dl><dl class='gallery-item'>\n\t\t\t<dt class='gallery-icon portrait'>\n\t\t\t\t<a href='https:\/\/www.terenos.ms.gov.br\/?attachment_id=8254'><img decoding=\"async\" width=\"1125\" height=\"2004\" src=\"https:\/\/www.terenos.ms.gov.br\/wp-content\/uploads\/IMG_6433-1.jpeg\" class=\"attachment-full size-full\" alt=\"\" \/><\/a>\n\t\t\t<\/dt><\/dl><br style=\"clear: both\" \/>\n\t\t<\/div>\n\n","protected":false},"excerpt":{"rendered":"<p>Foi realizada no s\u00e1bado (4) a 1\u00aa Corrida das Cores da Escola Rosa Idalina, em comemora\u00e7\u00e3o ao m\u00eas das crian\u00e7as. O evento encheu a manh\u00e3 de alegria, energia e muitas risadas, reunindo alunos, professores e comunidade escolar em um momento de integra\u00e7\u00e3o e celebra\u00e7\u00e3o da inf\u00e2ncia. Um dos destaques da a\u00e7\u00e3o foi o empenho da [&hellip;]<\/p>\n","protected":false},"author":5,"featured_media":8244,"comment_status":"closed","ping_status":"closed","sticky":false,"template":"","format":"standard","meta":{"_et_pb_use_builder":"","_et_pb_old_content":"","_et_gb_content_width":"","footnotes":""},"categories":[51],"tags":[],"class_list":["post-8242","post","type-post","status-publish","format-standard","has-post-thumbnail","hentry","category-educacao"],"_links":{"self":[{"href":"https:\/\/www.terenos.ms.gov.br\/index.php?rest_route=\/wp\/v2\/posts\/8242","targetHints":{"allow":["GET"]}}],"collection":[{"href":"https:\/\/www.terenos.ms.gov.br\/index.php?rest_route=\/wp\/v2\/posts"}],"about":[{"href":"https:\/\/www.terenos.ms.gov.br\/index.php?rest_route=\/wp\/v2\/types\/post"}],"author":[{"embeddable":true,"href":"https:\/\/www.terenos.ms.gov.br\/index.php?rest_route=\/wp\/v2\/users\/5"}],"replies":[{"embeddable":true,"href":"https:\/\/www.terenos.ms.gov.br\/index.php?rest_route=%2Fwp%2Fv2%2Fcomments&post=8242"}],"version-history":[{"count":6,"href":"https:\/\/www.terenos.ms.gov.br\/index.php?rest_route=\/wp\/v2\/posts\/8242\/revisions"}],"predecessor-version":[{"id":8260,"href":"https:\/\/www.terenos.ms.gov.br\/index.php?rest_route=\/wp\/v2\/posts\/8242\/revisions\/8260"}],"wp:featuredmedia":[{"embeddable":true,"href":"https:\/\/www.terenos.ms.gov.br\/index.php?rest_route=\/wp\/v2\/media\/8244"}],"wp:attachment":[{"href":"https:\/\/www.terenos.ms.gov.br\/index.php?rest_route=%2Fwp%2Fv2%2Fmedia&parent=8242"}],"wp:term":[{"taxonomy":"category","embeddable":true,"href":"https:\/\/www.terenos.ms.gov.br\/index.php?rest_route=%2Fwp%2Fv2%2Fcategories&post=8242"},{"taxonomy":"post_tag","embeddable":true,"href":"https:\/\/www.terenos.ms.gov.br\/index.php?rest_route=%2Fwp%2Fv2%2Ftags&post=8242"}],"curies":[{"name":"wp","href":"https:\/\/api.w.org\/{rel}","templated":true}]}}