{"id":8214,"date":"2025-10-02T09:32:52","date_gmt":"2025-10-02T13:32:52","guid":{"rendered":"https:\/\/www.terenos.ms.gov.br\/?p=8214"},"modified":"2025-10-02T14:56:08","modified_gmt":"2025-10-02T18:56:08","slug":"cadastro-da-tarifa-social-e-troca-de-lampadas-em-terenos","status":"publish","type":"post","link":"https:\/\/www.terenos.ms.gov.br\/?p=8214","title":{"rendered":"Cadastro da Tarifa Social e Troca de L\u00e2mpadas em Terenos"},"content":{"rendered":"<p style=\"text-align: justify;\" data-start=\"180\" data-end=\"466\">A Prefeitura de Terenos, em parceria com a Energisa, convida todos os moradores para participarem da a\u00e7\u00e3o de <strong data-start=\"289\" data-end=\"333\">cadastro na Tarifa Social de Baixa Renda<\/strong>, al\u00e9m da <strong data-start=\"343\" data-end=\"371\">troca de l\u00e2mpadas usadas<\/strong> incandescentes ou fluorescentes por l\u00e2mpadas de LED, que s\u00e3o mais econ\u00f4micas e sustent\u00e1veis.<\/p>\n<h3 style=\"text-align: justify;\" data-start=\"468\" data-end=\"497\">Documentos necess\u00e1rios:<\/h3>\n<ul style=\"text-align: justify;\" data-start=\"498\" data-end=\"623\">\n<li data-start=\"498\" data-end=\"540\">\n<p data-start=\"500\" data-end=\"540\">CPF, RG ou documento oficial com foto;<\/p>\n<\/li>\n<li data-start=\"541\" data-end=\"582\">\n<p data-start=\"543\" data-end=\"582\">Conta de energia el\u00e9trica atualizada;<\/p>\n<\/li>\n<li data-start=\"583\" data-end=\"623\">\n<p data-start=\"585\" data-end=\"623\">N\u00famero do benef\u00edcio NIS ou BPC\/LOAS.<\/p>\n<\/li>\n<\/ul>\n<h3 style=\"text-align: justify;\" data-start=\"625\" data-end=\"671\">Per\u00edodo do cadastro e troca de l\u00e2mpadas:<\/h3>\n<p style=\"text-align: justify;\" data-start=\"672\" data-end=\"838\">\ud83d\udcc5 <strong data-start=\"675\" data-end=\"705\">07 a 09 de outubro de 2025<\/strong><br data-start=\"705\" data-end=\"708\" \/>\u23f0 <strong data-start=\"710\" data-end=\"746\">Das 7h \u00e0s 11h e das 12h \u00e0s 15h30<\/strong><br data-start=\"746\" data-end=\"749\" \/>\ud83d\udccd <strong data-start=\"752\" data-end=\"762\">Local:<\/strong> CRAS Vila Mariana<br data-start=\"780\" data-end=\"783\" \/>Endere\u00e7o: Rua Ant\u00f4nio Valadares, n\u00ba 10 \u2013 Vila Mariana<\/p>\n<hr data-start=\"840\" data-end=\"843\" \/>\n<h3 style=\"text-align: justify;\" data-start=\"845\" data-end=\"875\">Programa\u00e7\u00e3o complementar<\/h3>\n<p style=\"text-align: justify;\" data-start=\"877\" data-end=\"1088\"><strong data-start=\"877\" data-end=\"893\">\ud83d\udcda Palestras<\/strong><br data-start=\"893\" data-end=\"896\" \/>\ud83d\udcc5 Dias <strong data-start=\"904\" data-end=\"934\">08 e 09 de outubro de 2025<\/strong><br data-start=\"934\" data-end=\"937\" \/>\u23f0 Das 8h \u00e0s 11h e das 13h \u00e0s 16h30<br data-start=\"971\" data-end=\"974\" \/>\ud83d\udccd Local:Pra\u00e7a de Eventos<br data-start=\"1000\" data-end=\"1003\" \/>Endere\u00e7o: Rua Jos\u00e9 C\u00e2ndido de Rezende, s\/n \u2013 Residencial Leandro Corr\u00eaa de Oliveira<\/p>\n<p style=\"text-align: justify;\" data-start=\"1090\" data-end=\"1124\"><strong data-start=\"1090\" data-end=\"1122\">\ud83c\udfac Encerramento \u2013 09\/10\/2025<\/strong><\/p>\n<ul style=\"text-align: justify;\" data-start=\"1125\" data-end=\"1324\">\n<li data-start=\"1125\" data-end=\"1146\">\n<p data-start=\"1127\" data-end=\"1146\"><strong data-start=\"1127\" data-end=\"1144\">Cinema \u00e0s 18h<\/strong><\/p>\n<\/li>\n<li data-start=\"1147\" data-end=\"1324\">\n<p data-start=\"1149\" data-end=\"1324\"><strong data-start=\"1149\" data-end=\"1177\">Sorteio a partir das 19h<\/strong>: ser\u00e3o sorteadas <strong data-start=\"1195\" data-end=\"1230\">15 geladeiras e 30 ventiladores<\/strong> na modalidade <em data-start=\"1245\" data-end=\"1252\">troca<\/em> (a equipe dar\u00e1 orienta\u00e7\u00f5es sobre como participar no ato do cadastro)<\/p>\n<\/li>\n<\/ul>\n<p style=\"text-align: justify;\" data-start=\"1326\" data-end=\"1366\">\ud83d\udcde Mais informa\u00e7\u00f5es: <strong data-start=\"1347\" data-end=\"1364\">0800 722 7272<\/strong><\/p>\n","protected":false},"excerpt":{"rendered":"<p>A Prefeitura de Terenos, em parceria com a Energisa, convida todos os moradores para participarem da a\u00e7\u00e3o de cadastro na Tarifa Social de Baixa Renda, al\u00e9m da troca de l\u00e2mpadas usadas incandescentes ou fluorescentes por l\u00e2mpadas de LED, que s\u00e3o mais econ\u00f4micas e sustent\u00e1veis. Documentos necess\u00e1rios: CPF, RG ou documento oficial com foto; Conta de [&hellip;]<\/p>\n","protected":false},"author":5,"featured_media":7657,"comment_status":"closed","ping_status":"closed","sticky":false,"template":"","format":"standard","meta":{"_et_pb_use_builder":"","_et_pb_old_content":"","_et_gb_content_width":"","footnotes":""},"categories":[49],"tags":[],"class_list":["post-8214","post","type-post","status-publish","format-standard","has-post-thumbnail","hentry","category-assistencia-social"],"_links":{"self":[{"href":"https:\/\/www.terenos.ms.gov.br\/index.php?rest_route=\/wp\/v2\/posts\/8214","targetHints":{"allow":["GET"]}}],"collection":[{"href":"https:\/\/www.terenos.ms.gov.br\/index.php?rest_route=\/wp\/v2\/posts"}],"about":[{"href":"https:\/\/www.terenos.ms.gov.br\/index.php?rest_route=\/wp\/v2\/types\/post"}],"author":[{"embeddable":true,"href":"https:\/\/www.terenos.ms.gov.br\/index.php?rest_route=\/wp\/v2\/users\/5"}],"replies":[{"embeddable":true,"href":"https:\/\/www.terenos.ms.gov.br\/index.php?rest_route=%2Fwp%2Fv2%2Fcomments&post=8214"}],"version-history":[{"count":3,"href":"https:\/\/www.terenos.ms.gov.br\/index.php?rest_route=\/wp\/v2\/posts\/8214\/revisions"}],"predecessor-version":[{"id":8241,"href":"https:\/\/www.terenos.ms.gov.br\/index.php?rest_route=\/wp\/v2\/posts\/8214\/revisions\/8241"}],"wp:featuredmedia":[{"embeddable":true,"href":"https:\/\/www.terenos.ms.gov.br\/index.php?rest_route=\/wp\/v2\/media\/7657"}],"wp:attachment":[{"href":"https:\/\/www.terenos.ms.gov.br\/index.php?rest_route=%2Fwp%2Fv2%2Fmedia&parent=8214"}],"wp:term":[{"taxonomy":"category","embeddable":true,"href":"https:\/\/www.terenos.ms.gov.br\/index.php?rest_route=%2Fwp%2Fv2%2Fcategories&post=8214"},{"taxonomy":"post_tag","embeddable":true,"href":"https:\/\/www.terenos.ms.gov.br\/index.php?rest_route=%2Fwp%2Fv2%2Ftags&post=8214"}],"curies":[{"name":"wp","href":"https:\/\/api.w.org\/{rel}","templated":true}]}}