{"id":811,"date":"2019-05-31T11:31:58","date_gmt":"2019-05-31T14:31:58","guid":{"rendered":"http:\/\/www.terenos.ms.gov.br\/?p=811"},"modified":"2019-05-31T11:31:58","modified_gmt":"2019-05-31T14:31:58","slug":"3-festa-do-laco-da-fazenda-sao-paulo","status":"publish","type":"post","link":"https:\/\/www.terenos.ms.gov.br\/?p=811","title":{"rendered":"3\u00b0 Festa do La\u00e7o da Fazenda S\u00e3o Paulo"},"content":{"rendered":"<div id=\"js_4d5\" class=\"_5pbx userContent _3576\" data-testid=\"post_message\" data-ft=\"{&quot;tn&quot;:&quot;K&quot;}\">\n<div id=\"id_5cf136ee0dbeb3357154939\" class=\"text_exposed_root text_exposed\">\n<p>No \u00faltimo fim de semana o prefeito, Donizete Barraco (DEM), e a primeira dama, Dirce Gon\u00e7alves, participaram da 3\u00b0 Festa do La\u00e7o da Fazenda S\u00e3o Paulo, que est\u00e1 situada na regi\u00e3o do Assentamento Nova Quer\u00eancia, em Terenos.<\/p>\n<p>A Prefeitura de Terenos parabeniza os organizadores do evento e, tamb\u00e9m, ressalta a import\u00e2ncia da execu\u00e7\u00e3o dessas atividades para dissemina\u00e7\u00e3o da cultura local.<\/p>\n<p>Assesoria de Imprensa<span class=\"text_exposed_show\"><br \/>\nTexto\/Foto: Divulga\u00e7\u00e3o \/ LDJ<\/span><\/p>\n<\/div>\n<\/div>\n<div class=\"_3x-2\" data-ft=\"{&quot;tn&quot;:&quot;H&quot;}\"><\/div>\n","protected":false},"excerpt":{"rendered":"<p>No \u00faltimo fim de semana o prefeito, Donizete Barraco (DEM), e a primeira dama, Dirce Gon\u00e7alves, participaram da 3\u00b0 Festa do La\u00e7o da Fazenda S\u00e3o Paulo, que est\u00e1 situada na regi\u00e3o do Assentamento Nova Quer\u00eancia, em Terenos. A Prefeitura de Terenos parabeniza os organizadores do evento e, tamb\u00e9m, ressalta a import\u00e2ncia da execu\u00e7\u00e3o dessas atividades [&hellip;]<\/p>\n","protected":false},"author":2,"featured_media":812,"comment_status":"closed","ping_status":"closed","sticky":false,"template":"","format":"standard","meta":{"_et_pb_use_builder":"","_et_pb_old_content":"","_et_gb_content_width":"","footnotes":""},"categories":[1],"tags":[],"class_list":["post-811","post","type-post","status-publish","format-standard","has-post-thumbnail","hentry","category-sem-categoria"],"_links":{"self":[{"href":"https:\/\/www.terenos.ms.gov.br\/index.php?rest_route=\/wp\/v2\/posts\/811","targetHints":{"allow":["GET"]}}],"collection":[{"href":"https:\/\/www.terenos.ms.gov.br\/index.php?rest_route=\/wp\/v2\/posts"}],"about":[{"href":"https:\/\/www.terenos.ms.gov.br\/index.php?rest_route=\/wp\/v2\/types\/post"}],"author":[{"embeddable":true,"href":"https:\/\/www.terenos.ms.gov.br\/index.php?rest_route=\/wp\/v2\/users\/2"}],"replies":[{"embeddable":true,"href":"https:\/\/www.terenos.ms.gov.br\/index.php?rest_route=%2Fwp%2Fv2%2Fcomments&post=811"}],"version-history":[{"count":1,"href":"https:\/\/www.terenos.ms.gov.br\/index.php?rest_route=\/wp\/v2\/posts\/811\/revisions"}],"predecessor-version":[{"id":813,"href":"https:\/\/www.terenos.ms.gov.br\/index.php?rest_route=\/wp\/v2\/posts\/811\/revisions\/813"}],"wp:featuredmedia":[{"embeddable":true,"href":"https:\/\/www.terenos.ms.gov.br\/index.php?rest_route=\/wp\/v2\/media\/812"}],"wp:attachment":[{"href":"https:\/\/www.terenos.ms.gov.br\/index.php?rest_route=%2Fwp%2Fv2%2Fmedia&parent=811"}],"wp:term":[{"taxonomy":"category","embeddable":true,"href":"https:\/\/www.terenos.ms.gov.br\/index.php?rest_route=%2Fwp%2Fv2%2Fcategories&post=811"},{"taxonomy":"post_tag","embeddable":true,"href":"https:\/\/www.terenos.ms.gov.br\/index.php?rest_route=%2Fwp%2Fv2%2Ftags&post=811"}],"curies":[{"name":"wp","href":"https:\/\/api.w.org\/{rel}","templated":true}]}}