{"id":7966,"date":"2025-06-26T11:13:02","date_gmt":"2025-06-26T15:13:02","guid":{"rendered":"https:\/\/www.terenos.ms.gov.br\/?p=7966"},"modified":"2025-06-26T11:13:02","modified_gmt":"2025-06-26T15:13:02","slug":"13a-conferencia-municipal-de-assistencia-social-reune-participacao-e-debate-em-terenos","status":"publish","type":"post","link":"https:\/\/www.terenos.ms.gov.br\/?p=7966","title":{"rendered":"13\u00aa Confer\u00eancia Municipal de Assist\u00eancia Social re\u00fane participa\u00e7\u00e3o e debate em Terenos"},"content":{"rendered":"<p style=\"text-align: justify;\" data-start=\"233\" data-end=\"484\">Nessa quarta-feira (25), foi realizada a 13\u00aa Confer\u00eancia Municipal de Assist\u00eancia Social de Terenos, reunindo representantes do poder p\u00fablico, trabalhadores do SUAS, usu\u00e1rios e sociedade civil em um importante momento de di\u00e1logo e constru\u00e7\u00e3o coletiva.<\/p>\n<p style=\"text-align: justify;\" data-start=\"486\" data-end=\"792\">A programa\u00e7\u00e3o teve in\u00edcio na parte da manh\u00e3, com apresenta\u00e7\u00f5es culturais. A Pestalozzi de Terenos e os idosos atendidos pelo CRAS realizaram apresenta\u00e7\u00f5es em parceria com a Escola Municipal de Artes, evidenciando o valor da inclus\u00e3o, da arte e da conviv\u00eancia na pol\u00edtica de assist\u00eancia social.<\/p>\n<p style=\"text-align: justify;\" data-start=\"794\" data-end=\"1039\">No per\u00edodo da tarde, os participantes se dedicaram aos debates dos eixos tem\u00e1ticos oficiais definidos pelo Conselho Nacional de Assist\u00eancia Social (CNAS), que orientam a constru\u00e7\u00e3o das propostas a serem levadas \u00e0s pr\u00f3ximas etapas da confer\u00eancia:<\/p>\n<ul style=\"text-align: justify;\" data-start=\"1041\" data-end=\"1590\">\n<li data-start=\"1041\" data-end=\"1138\">\n<p data-start=\"1043\" data-end=\"1138\"><strong data-start=\"1043\" data-end=\"1054\">Eixo 1:<\/strong> Universaliza\u00e7\u00e3o do SUAS \u2013 Acesso Integral com Equidade e Respeito \u00e0s Diversidades<\/p>\n<\/li>\n<li data-start=\"1139\" data-end=\"1249\">\n<p data-start=\"1141\" data-end=\"1249\"><strong data-start=\"1141\" data-end=\"1152\">Eixo 2:<\/strong> Aperfei\u00e7oamento Cont\u00ednuo do SUAS \u2013 Inova\u00e7\u00e3o, Gest\u00e3o Descentralizada e Valoriza\u00e7\u00e3o Profissional<\/p>\n<\/li>\n<li data-start=\"1250\" data-end=\"1391\">\n<p data-start=\"1252\" data-end=\"1391\"><strong data-start=\"1252\" data-end=\"1263\">Eixo 3:<\/strong> Integra\u00e7\u00e3o de Benef\u00edcios e Servi\u00e7os Socioassistenciais \u2013 Fortalecendo a Prote\u00e7\u00e3o Social, Seguran\u00e7a de Renda e Inclus\u00e3o Social<\/p>\n<\/li>\n<li data-start=\"1392\" data-end=\"1510\">\n<p data-start=\"1394\" data-end=\"1510\"><strong data-start=\"1394\" data-end=\"1405\">Eixo 4:<\/strong> Gest\u00e3o Democr\u00e1tica, Informa\u00e7\u00e3o no SUAS e Comunica\u00e7\u00e3o Transparente \u2013 Fortalecendo a Participa\u00e7\u00e3o Social<\/p>\n<\/li>\n<li data-start=\"1511\" data-end=\"1590\">\n<p data-start=\"1513\" data-end=\"1590\"><strong data-start=\"1513\" data-end=\"1524\">Eixo 5:<\/strong> Sustentabilidade Financeira e Equidade no Cofinanciamento do SUAS<\/p>\n<\/li>\n<\/ul>\n<p style=\"text-align: justify;\" data-start=\"1592\" data-end=\"1942\">A confer\u00eancia municipal \u00e9 uma etapa essencial dentro do processo democr\u00e1tico que culmina na Confer\u00eancia Nacional de Assist\u00eancia Social. Mais do que um evento institucional, trata-se de um espa\u00e7o de escuta, participa\u00e7\u00e3o e resist\u00eancia, onde se discute o papel do Estado na garantia de direitos e na prote\u00e7\u00e3o da popula\u00e7\u00e3o em situa\u00e7\u00e3o de vulnerabilidade.<\/p>\n<p data-start=\"1592\" data-end=\"1942\">\n\n\t\t<style type=\"text\/css\">\n\t\t\t#gallery-1 {\n\t\t\t\tmargin: auto;\n\t\t\t}\n\t\t\t#gallery-1 .gallery-item {\n\t\t\t\tfloat: left;\n\t\t\t\tmargin-top: 10px;\n\t\t\t\ttext-align: center;\n\t\t\t\twidth: 50%;\n\t\t\t}\n\t\t\t#gallery-1 img {\n\t\t\t\tborder: 2px solid #cfcfcf;\n\t\t\t}\n\t\t\t#gallery-1 .gallery-caption {\n\t\t\t\tmargin-left: 0;\n\t\t\t}\n\t\t\t\/* see gallery_shortcode() in wp-includes\/media.php *\/\n\t\t<\/style>\n\t\t<div id='gallery-1' class='gallery galleryid-7966 gallery-columns-2 gallery-size-medium'><dl class='gallery-item'>\n\t\t\t<dt class='gallery-icon landscape'>\n\t\t\t\t<a href='https:\/\/www.terenos.ms.gov.br\/?attachment_id=7968'><img decoding=\"async\" width=\"300\" height=\"225\" src=\"https:\/\/www.terenos.ms.gov.br\/wp-content\/uploads\/513787758_18351958867159517_4604716207880244408_n.jpg\" class=\"attachment-medium size-medium\" alt=\"\" \/><\/a>\n\t\t\t<\/dt><\/dl><dl class='gallery-item'>\n\t\t\t<dt class='gallery-icon landscape'>\n\t\t\t\t<a href='https:\/\/www.terenos.ms.gov.br\/?attachment_id=7969'><img decoding=\"async\" width=\"300\" height=\"225\" src=\"https:\/\/www.terenos.ms.gov.br\/wp-content\/uploads\/511416486_18351958903159517_2806963676184255717_n.jpg\" class=\"attachment-medium size-medium\" alt=\"\" \/><\/a>\n\t\t\t<\/dt><\/dl><br style=\"clear: both\" \/><dl class='gallery-item'>\n\t\t\t<dt class='gallery-icon landscape'>\n\t\t\t\t<a href='https:\/\/www.terenos.ms.gov.br\/?attachment_id=7970'><img decoding=\"async\" width=\"300\" height=\"225\" src=\"https:\/\/www.terenos.ms.gov.br\/wp-content\/uploads\/503568511_18351958894159517_6409715053100541185_n.jpg\" class=\"attachment-medium size-medium\" alt=\"\" \/><\/a>\n\t\t\t<\/dt><\/dl><dl class='gallery-item'>\n\t\t\t<dt class='gallery-icon landscape'>\n\t\t\t\t<a href='https:\/\/www.terenos.ms.gov.br\/?attachment_id=7971'><img decoding=\"async\" width=\"300\" height=\"225\" src=\"https:\/\/www.terenos.ms.gov.br\/wp-content\/uploads\/511423867_18351958879159517_5537210217151338301_n.jpg\" class=\"attachment-medium size-medium\" alt=\"\" \/><\/a>\n\t\t\t<\/dt><\/dl><br style=\"clear: both\" \/><dl class='gallery-item'>\n\t\t\t<dt class='gallery-icon landscape'>\n\t\t\t\t<a href='https:\/\/www.terenos.ms.gov.br\/?attachment_id=7972'><img decoding=\"async\" width=\"300\" height=\"225\" src=\"https:\/\/www.terenos.ms.gov.br\/wp-content\/uploads\/511496352_18351958858159517_7937487271583907623_n.jpg\" class=\"attachment-medium size-medium\" alt=\"\" \/><\/a>\n\t\t\t<\/dt><\/dl><dl class='gallery-item'>\n\t\t\t<dt class='gallery-icon landscape'>\n\t\t\t\t<a href='https:\/\/www.terenos.ms.gov.br\/?attachment_id=7973'><img decoding=\"async\" width=\"300\" height=\"225\" src=\"https:\/\/www.terenos.ms.gov.br\/wp-content\/uploads\/513452230_18351958846159517_119526848186648990_n.jpg\" class=\"attachment-medium size-medium\" alt=\"\" \/><\/a>\n\t\t\t<\/dt><\/dl><br style=\"clear: both\" \/><dl class='gallery-item'>\n\t\t\t<dt class='gallery-icon landscape'>\n\t\t\t\t<a href='https:\/\/www.terenos.ms.gov.br\/?attachment_id=7974'><img decoding=\"async\" width=\"300\" height=\"226\" src=\"https:\/\/www.terenos.ms.gov.br\/wp-content\/uploads\/513842568_18351958834159517_3258017019267576694_n.jpg\" class=\"attachment-medium size-medium\" alt=\"\" \/><\/a>\n\t\t\t<\/dt><\/dl><dl class='gallery-item'>\n\t\t\t<dt class='gallery-icon landscape'>\n\t\t\t\t<a href='https:\/\/www.terenos.ms.gov.br\/?attachment_id=7975'><img decoding=\"async\" width=\"300\" height=\"225\" src=\"https:\/\/www.terenos.ms.gov.br\/wp-content\/uploads\/511472383_18351958822159517_5125867633027671582_n.jpg\" class=\"attachment-medium size-medium\" alt=\"\" \/><\/a>\n\t\t\t<\/dt><\/dl><br style=\"clear: both\" \/><dl class='gallery-item'>\n\t\t\t<dt class='gallery-icon landscape'>\n\t\t\t\t<a href='https:\/\/www.terenos.ms.gov.br\/?attachment_id=7976'><img decoding=\"async\" width=\"300\" height=\"225\" src=\"https:\/\/www.terenos.ms.gov.br\/wp-content\/uploads\/513470522_18351958804159517_1736265201872565147_n.jpg\" class=\"attachment-medium size-medium\" alt=\"\" \/><\/a>\n\t\t\t<\/dt><\/dl><dl class='gallery-item'>\n\t\t\t<dt class='gallery-icon landscape'>\n\t\t\t\t<a href='https:\/\/www.terenos.ms.gov.br\/?attachment_id=7977'><img decoding=\"async\" width=\"300\" height=\"225\" src=\"https:\/\/www.terenos.ms.gov.br\/wp-content\/uploads\/511537669_18351958795159517_6956228333041776095_n.jpg\" class=\"attachment-medium size-medium\" alt=\"\" \/><\/a>\n\t\t\t<\/dt><\/dl><br style=\"clear: both\" \/><dl class='gallery-item'>\n\t\t\t<dt class='gallery-icon landscape'>\n\t\t\t\t<a href='https:\/\/www.terenos.ms.gov.br\/?attachment_id=7978'><img decoding=\"async\" width=\"300\" height=\"226\" src=\"https:\/\/www.terenos.ms.gov.br\/wp-content\/uploads\/511546878_18351958786159517_2746590088152633075_n.jpg\" class=\"attachment-medium size-medium\" alt=\"\" \/><\/a>\n\t\t\t<\/dt><\/dl><dl class='gallery-item'>\n\t\t\t<dt class='gallery-icon landscape'>\n\t\t\t\t<a href='https:\/\/www.terenos.ms.gov.br\/?attachment_id=7979'><img decoding=\"async\" width=\"300\" height=\"225\" src=\"https:\/\/www.terenos.ms.gov.br\/wp-content\/uploads\/511400311_18351958774159517_4207693026191620_n.jpg\" class=\"attachment-medium size-medium\" alt=\"\" \/><\/a>\n\t\t\t<\/dt><\/dl><br style=\"clear: both\" \/><dl class='gallery-item'>\n\t\t\t<dt class='gallery-icon landscape'>\n\t\t\t\t<a href='https:\/\/www.terenos.ms.gov.br\/?attachment_id=7980'><img decoding=\"async\" width=\"300\" height=\"225\" src=\"https:\/\/www.terenos.ms.gov.br\/wp-content\/uploads\/513936859_18351958762159517_2671200855938503895_n.jpg\" class=\"attachment-medium size-medium\" alt=\"\" \/><\/a>\n\t\t\t<\/dt><\/dl><dl class='gallery-item'>\n\t\t\t<dt class='gallery-icon landscape'>\n\t\t\t\t<a href='https:\/\/www.terenos.ms.gov.br\/?attachment_id=7981'><img decoding=\"async\" width=\"300\" height=\"225\" src=\"https:\/\/www.terenos.ms.gov.br\/wp-content\/uploads\/513196897_18351958753159517_683287343169851798_n.jpg\" class=\"attachment-medium size-medium\" alt=\"\" \/><\/a>\n\t\t\t<\/dt><\/dl><br style=\"clear: both\" \/>\n\t\t<\/div>\n\n","protected":false},"excerpt":{"rendered":"<p>Nessa quarta-feira (25), foi realizada a 13\u00aa Confer\u00eancia Municipal de Assist\u00eancia Social de Terenos, reunindo representantes do poder p\u00fablico, trabalhadores do SUAS, usu\u00e1rios e sociedade civil em um importante momento de di\u00e1logo e constru\u00e7\u00e3o coletiva. A programa\u00e7\u00e3o teve in\u00edcio na parte da manh\u00e3, com apresenta\u00e7\u00f5es culturais. A Pestalozzi de Terenos e os idosos atendidos pelo [&hellip;]<\/p>\n","protected":false},"author":5,"featured_media":7967,"comment_status":"closed","ping_status":"closed","sticky":false,"template":"","format":"standard","meta":{"_et_pb_use_builder":"","_et_pb_old_content":"","_et_gb_content_width":"","footnotes":""},"categories":[49],"tags":[],"class_list":["post-7966","post","type-post","status-publish","format-standard","has-post-thumbnail","hentry","category-assistencia-social"],"_links":{"self":[{"href":"https:\/\/www.terenos.ms.gov.br\/index.php?rest_route=\/wp\/v2\/posts\/7966","targetHints":{"allow":["GET"]}}],"collection":[{"href":"https:\/\/www.terenos.ms.gov.br\/index.php?rest_route=\/wp\/v2\/posts"}],"about":[{"href":"https:\/\/www.terenos.ms.gov.br\/index.php?rest_route=\/wp\/v2\/types\/post"}],"author":[{"embeddable":true,"href":"https:\/\/www.terenos.ms.gov.br\/index.php?rest_route=\/wp\/v2\/users\/5"}],"replies":[{"embeddable":true,"href":"https:\/\/www.terenos.ms.gov.br\/index.php?rest_route=%2Fwp%2Fv2%2Fcomments&post=7966"}],"version-history":[{"count":1,"href":"https:\/\/www.terenos.ms.gov.br\/index.php?rest_route=\/wp\/v2\/posts\/7966\/revisions"}],"predecessor-version":[{"id":7982,"href":"https:\/\/www.terenos.ms.gov.br\/index.php?rest_route=\/wp\/v2\/posts\/7966\/revisions\/7982"}],"wp:featuredmedia":[{"embeddable":true,"href":"https:\/\/www.terenos.ms.gov.br\/index.php?rest_route=\/wp\/v2\/media\/7967"}],"wp:attachment":[{"href":"https:\/\/www.terenos.ms.gov.br\/index.php?rest_route=%2Fwp%2Fv2%2Fmedia&parent=7966"}],"wp:term":[{"taxonomy":"category","embeddable":true,"href":"https:\/\/www.terenos.ms.gov.br\/index.php?rest_route=%2Fwp%2Fv2%2Fcategories&post=7966"},{"taxonomy":"post_tag","embeddable":true,"href":"https:\/\/www.terenos.ms.gov.br\/index.php?rest_route=%2Fwp%2Fv2%2Ftags&post=7966"}],"curies":[{"name":"wp","href":"https:\/\/api.w.org\/{rel}","templated":true}]}}