{"id":7919,"date":"2025-06-12T12:24:51","date_gmt":"2025-06-12T16:24:51","guid":{"rendered":"https:\/\/www.terenos.ms.gov.br\/?p=7919"},"modified":"2025-06-12T12:24:51","modified_gmt":"2025-06-12T16:24:51","slug":"1a-conferencia-municipal-dos-direitos-da-pessoa-idosa-de-terenos-ms","status":"publish","type":"post","link":"https:\/\/www.terenos.ms.gov.br\/?p=7919","title":{"rendered":"1\u00aa Confer\u00eancia Municipal dos Direitos da Pessoa Idosa de Terenos\/MS"},"content":{"rendered":"<p style=\"text-align: justify;\" data-start=\"222\" data-end=\"432\">A Prefeitura Municipal de Terenos\/MS, por meio da Secretaria Municipal de Assist\u00eancia Social, convida a popula\u00e7\u00e3o para participar da <strong data-start=\"355\" data-end=\"412\">1\u00aa Confer\u00eancia Municipal dos Direitos da Pessoa Idosa<\/strong>, que tem como tema:<\/p>\n<p style=\"text-align: justify;\" data-start=\"434\" data-end=\"529\"><strong data-start=\"434\" data-end=\"529\">\u201cEnvelhecimento Multicultural e Democracia: Urg\u00eancia por Equidade, Direitos e Participa\u00e7\u00e3o\u201d<\/strong><\/p>\n<p style=\"text-align: justify;\" data-start=\"531\" data-end=\"742\">O evento tem como objetivo promover o debate e a constru\u00e7\u00e3o de propostas voltadas \u00e0 garantia e amplia\u00e7\u00e3o dos direitos da pessoa idosa, refor\u00e7ando o compromisso com a equidade, a inclus\u00e3o e a participa\u00e7\u00e3o social.<\/p>\n<p style=\"text-align: justify;\" data-start=\"744\" data-end=\"909\">\ud83d\udcc5 <strong data-start=\"747\" data-end=\"756\">Data:<\/strong> 18 de junho de 2025<br data-start=\"776\" data-end=\"779\" \/>\ud83d\udccd <strong data-start=\"782\" data-end=\"792\">Local:<\/strong> Centro de Refer\u00eancia de Assist\u00eancia Social \u2013 CRAS<br data-start=\"842\" data-end=\"845\" \/>Rua Antonio Valadares, n\u00ba 10 \u2013 Terenos\/MS<br data-start=\"886\" data-end=\"889\" \/>\u23f0 <strong data-start=\"891\" data-end=\"903\">Hor\u00e1rio:<\/strong> 07h30<\/p>\n<p style=\"text-align: justify;\" data-start=\"911\" data-end=\"1024\">Sua participa\u00e7\u00e3o \u00e9 fundamental para o fortalecimento das pol\u00edticas p\u00fablicas para a pessoa idosa.<br data-start=\"1007\" data-end=\"1010\" \/><strong data-start=\"1010\" data-end=\"1024\">Participe!<\/strong><\/p>\n<p data-start=\"911\" data-end=\"1024\">\n<p data-start=\"911\" data-end=\"1024\"><strong>LINK PARA INSCRI\u00c7\u00c3O<\/strong><\/p>\n<p><a href=\"https:\/\/docs.google.com\/forms\/d\/e\/1FAIpQLSdKq-22veOk6qygr475T2bNALBrI52Q-2TXN5nLYnuETGC80Q\/viewform\">Formul\u00e1rio de Inscri\u00e7\u00e3o<\/a><\/p>\n","protected":false},"excerpt":{"rendered":"<p>A Prefeitura Municipal de Terenos\/MS, por meio da Secretaria Municipal de Assist\u00eancia Social, convida a popula\u00e7\u00e3o para participar da 1\u00aa Confer\u00eancia Municipal dos Direitos da Pessoa Idosa, que tem como tema: \u201cEnvelhecimento Multicultural e Democracia: Urg\u00eancia por Equidade, Direitos e Participa\u00e7\u00e3o\u201d O evento tem como objetivo promover o debate e a constru\u00e7\u00e3o de propostas voltadas [&hellip;]<\/p>\n","protected":false},"author":5,"featured_media":7920,"comment_status":"closed","ping_status":"closed","sticky":false,"template":"","format":"standard","meta":{"_et_pb_use_builder":"","_et_pb_old_content":"","_et_gb_content_width":"","footnotes":""},"categories":[49],"tags":[],"class_list":["post-7919","post","type-post","status-publish","format-standard","has-post-thumbnail","hentry","category-assistencia-social"],"_links":{"self":[{"href":"https:\/\/www.terenos.ms.gov.br\/index.php?rest_route=\/wp\/v2\/posts\/7919","targetHints":{"allow":["GET"]}}],"collection":[{"href":"https:\/\/www.terenos.ms.gov.br\/index.php?rest_route=\/wp\/v2\/posts"}],"about":[{"href":"https:\/\/www.terenos.ms.gov.br\/index.php?rest_route=\/wp\/v2\/types\/post"}],"author":[{"embeddable":true,"href":"https:\/\/www.terenos.ms.gov.br\/index.php?rest_route=\/wp\/v2\/users\/5"}],"replies":[{"embeddable":true,"href":"https:\/\/www.terenos.ms.gov.br\/index.php?rest_route=%2Fwp%2Fv2%2Fcomments&post=7919"}],"version-history":[{"count":1,"href":"https:\/\/www.terenos.ms.gov.br\/index.php?rest_route=\/wp\/v2\/posts\/7919\/revisions"}],"predecessor-version":[{"id":7921,"href":"https:\/\/www.terenos.ms.gov.br\/index.php?rest_route=\/wp\/v2\/posts\/7919\/revisions\/7921"}],"wp:featuredmedia":[{"embeddable":true,"href":"https:\/\/www.terenos.ms.gov.br\/index.php?rest_route=\/wp\/v2\/media\/7920"}],"wp:attachment":[{"href":"https:\/\/www.terenos.ms.gov.br\/index.php?rest_route=%2Fwp%2Fv2%2Fmedia&parent=7919"}],"wp:term":[{"taxonomy":"category","embeddable":true,"href":"https:\/\/www.terenos.ms.gov.br\/index.php?rest_route=%2Fwp%2Fv2%2Fcategories&post=7919"},{"taxonomy":"post_tag","embeddable":true,"href":"https:\/\/www.terenos.ms.gov.br\/index.php?rest_route=%2Fwp%2Fv2%2Ftags&post=7919"}],"curies":[{"name":"wp","href":"https:\/\/api.w.org\/{rel}","templated":true}]}}