{"id":7890,"date":"2025-06-03T13:25:43","date_gmt":"2025-06-03T17:25:43","guid":{"rendered":"https:\/\/www.terenos.ms.gov.br\/?p=7890"},"modified":"2025-06-03T13:25:43","modified_gmt":"2025-06-03T17:25:43","slug":"programa-nossa-energia-promove-inclusao-social-e-sustentabilidade-no-municipio","status":"publish","type":"post","link":"https:\/\/www.terenos.ms.gov.br\/?p=7890","title":{"rendered":"Programa Nossa Energia Promove Inclus\u00e3o Social e Sustentabilidade no Munic\u00edpio"},"content":{"rendered":"<p style=\"text-align: justify;\">O programa <strong data-start=\"212\" data-end=\"229\">Nossa Energia<\/strong>, uma iniciativa da <strong data-start=\"249\" data-end=\"261\">Energisa<\/strong> em parceria com a <strong data-start=\"280\" data-end=\"326\">Secretaria Municipal de Assist\u00eancia Social<\/strong>, tem promovido importantes avan\u00e7os sociais em nosso munic\u00edpio, ao beneficiar diretamente fam\u00edlias em situa\u00e7\u00e3o de vulnerabilidade por meio de a\u00e7\u00f5es voltadas \u00e0 economia de energia e \u00e0 melhoria da qualidade de vida.<\/p>\n<p style=\"text-align: justify;\">Entre as a\u00e7\u00f5es realizadas, destaca-se a <strong data-start=\"581\" data-end=\"659\">substitui\u00e7\u00e3o de l\u00e2mpadas incandescentes e fluorescentes por modelos de LED<\/strong>, mais econ\u00f4micos e sustent\u00e1veis. A iniciativa visa n\u00e3o apenas a redu\u00e7\u00e3o do consumo energ\u00e9tico, mas tamb\u00e9m a conscientiza\u00e7\u00e3o sobre pr\u00e1ticas mais eficientes e respons\u00e1veis no uso da energia el\u00e9trica.<\/p>\n<p style=\"text-align: justify;\">Tamb\u00e9m foi promovido o <strong data-start=\"1182\" data-end=\"1254\">cadastramento para a Tarifa Social de Energia El\u00e9trica (tarifa zero)<\/strong>, assegurando descontos na conta de energia para fam\u00edlias de baixa renda. Essa medida contribuiu diretamente para o al\u00edvio das despesas mensais, permitindo que essas fam\u00edlias mantivessem o acesso a servi\u00e7os essenciais sem comprometer o or\u00e7amento dom\u00e9stico.<\/p>\n<p style=\"text-align: justify;\">Para finalizar foi realizado o <strong data-start=\"891\" data-end=\"943\">sorteio de 10 geladeiras novas e 30 ventiladores<\/strong>, com base em um sistema de troca. A entrega desses eletrodom\u00e9sticos modernos e de baixo consumo proporcionou \u00e0s fam\u00edlias melhores condi\u00e7\u00f5es de conserva\u00e7\u00e3o de alimentos, conforto t\u00e9rmico e economia na conta de luz.<\/p>\n<p style=\"text-align: justify;\" data-start=\"1527\" data-end=\"1819\">O <strong data-start=\"1529\" data-end=\"1546\">Nossa Energia<\/strong> demonstra o compromisso com a promo\u00e7\u00e3o da equidade social, aliando responsabilidade ambiental a pol\u00edticas p\u00fablicas eficazes. As a\u00e7\u00f5es desenvolvidas s\u00e3o fundamentais para fortalecer a cidadania, impulsionar o desenvolvimento sustent\u00e1vel e promover o bem-estar da popula\u00e7\u00e3o.<\/p>\n","protected":false},"excerpt":{"rendered":"<p>O programa Nossa Energia, uma iniciativa da Energisa em parceria com a Secretaria Municipal de Assist\u00eancia Social, tem promovido importantes avan\u00e7os sociais em nosso munic\u00edpio, ao beneficiar diretamente fam\u00edlias em situa\u00e7\u00e3o de vulnerabilidade por meio de a\u00e7\u00f5es voltadas \u00e0 economia de energia e \u00e0 melhoria da qualidade de vida. Entre as a\u00e7\u00f5es realizadas, destaca-se a [&hellip;]<\/p>\n","protected":false},"author":5,"featured_media":7891,"comment_status":"closed","ping_status":"closed","sticky":false,"template":"","format":"standard","meta":{"_et_pb_use_builder":"","_et_pb_old_content":"","_et_gb_content_width":"","footnotes":""},"categories":[49],"tags":[],"class_list":["post-7890","post","type-post","status-publish","format-standard","has-post-thumbnail","hentry","category-assistencia-social"],"_links":{"self":[{"href":"https:\/\/www.terenos.ms.gov.br\/index.php?rest_route=\/wp\/v2\/posts\/7890","targetHints":{"allow":["GET"]}}],"collection":[{"href":"https:\/\/www.terenos.ms.gov.br\/index.php?rest_route=\/wp\/v2\/posts"}],"about":[{"href":"https:\/\/www.terenos.ms.gov.br\/index.php?rest_route=\/wp\/v2\/types\/post"}],"author":[{"embeddable":true,"href":"https:\/\/www.terenos.ms.gov.br\/index.php?rest_route=\/wp\/v2\/users\/5"}],"replies":[{"embeddable":true,"href":"https:\/\/www.terenos.ms.gov.br\/index.php?rest_route=%2Fwp%2Fv2%2Fcomments&post=7890"}],"version-history":[{"count":1,"href":"https:\/\/www.terenos.ms.gov.br\/index.php?rest_route=\/wp\/v2\/posts\/7890\/revisions"}],"predecessor-version":[{"id":7892,"href":"https:\/\/www.terenos.ms.gov.br\/index.php?rest_route=\/wp\/v2\/posts\/7890\/revisions\/7892"}],"wp:featuredmedia":[{"embeddable":true,"href":"https:\/\/www.terenos.ms.gov.br\/index.php?rest_route=\/wp\/v2\/media\/7891"}],"wp:attachment":[{"href":"https:\/\/www.terenos.ms.gov.br\/index.php?rest_route=%2Fwp%2Fv2%2Fmedia&parent=7890"}],"wp:term":[{"taxonomy":"category","embeddable":true,"href":"https:\/\/www.terenos.ms.gov.br\/index.php?rest_route=%2Fwp%2Fv2%2Fcategories&post=7890"},{"taxonomy":"post_tag","embeddable":true,"href":"https:\/\/www.terenos.ms.gov.br\/index.php?rest_route=%2Fwp%2Fv2%2Ftags&post=7890"}],"curies":[{"name":"wp","href":"https:\/\/api.w.org\/{rel}","templated":true}]}}