{"id":7882,"date":"2025-05-30T16:08:11","date_gmt":"2025-05-30T20:08:11","guid":{"rendered":"https:\/\/www.terenos.ms.gov.br\/?p=7882"},"modified":"2025-05-30T16:08:11","modified_gmt":"2025-05-30T20:08:11","slug":"2a-edicao-da-campanha-terenos-aquece-vidas-mobiliza-comunidade-escolar-e-fortalece-solidariedade","status":"publish","type":"post","link":"https:\/\/www.terenos.ms.gov.br\/?p=7882","title":{"rendered":"2\u00aa Edi\u00e7\u00e3o da Campanha \u201cTerenos Aquece Vidas\u201d mobiliza comunidade escolar e fortalece solidariedade"},"content":{"rendered":"<p style=\"text-align: justify;\" data-start=\"141\" data-end=\"508\">Idealizada pela primeira-dama <strong data-start=\"171\" data-end=\"205\">Cacilda Rocha Hildebrand Budke<\/strong>, a campanha do agasalho <strong data-start=\"230\" data-end=\"256\">\u201cTerenos Aquece Vidas\u201d<\/strong> chegou \u00e0 sua edi\u00e7\u00e3o de 2025 com ainda mais for\u00e7a e engajamento da comunidade. Nesta segunda edi\u00e7\u00e3o, os <strong data-start=\"360\" data-end=\"410\">CMEIs e as escolas da rede municipal de ensino<\/strong> abra\u00e7aram a causa, promovendo uma verdadeira mobiliza\u00e7\u00e3o em prol da solidariedade.<\/p>\n<p style=\"text-align: justify;\" data-start=\"510\" data-end=\"1003\">Mais do que arrecadar roupas e agasalhos, a campanha tem como prop\u00f3sito <strong data-start=\"582\" data-end=\"666\">estimular nas crian\u00e7as valores como empatia, compaix\u00e3o e responsabilidade social<\/strong>. Ao participarem ativamente da a\u00e7\u00e3o, os alunos t\u00eam a oportunidade de colocar em pr\u00e1tica aquilo que aprendem no dia a dia escolar.<\/p>\n<p data-start=\"1171\" data-end=\"1227\">Nesta edi\u00e7\u00e3o, somente as escolas municipais arrecadaram:<\/p>\n<ul data-start=\"1229\" data-end=\"1394\">\n<li data-start=\"1229\" data-end=\"1251\">\n<p data-start=\"1231\" data-end=\"1251\">\ud83e\udde5 <strong data-start=\"1234\" data-end=\"1249\">741 casacos<\/strong><\/p>\n<\/li>\n<li data-start=\"1252\" data-end=\"1273\">\n<p data-start=\"1254\" data-end=\"1273\">\ud83d\udc56 <strong data-start=\"1257\" data-end=\"1271\">759 cal\u00e7as<\/strong><\/p>\n<\/li>\n<li data-start=\"1274\" data-end=\"1313\">\n<p data-start=\"1276\" data-end=\"1313\">\ud83d\udc55 <strong data-start=\"1279\" data-end=\"1311\">295 camisetas de manga longa<\/strong><\/p>\n<\/li>\n<li data-start=\"1314\" data-end=\"1346\">\n<p data-start=\"1316\" data-end=\"1346\">\ud83d\udc5f <strong data-start=\"1319\" data-end=\"1344\">227 cal\u00e7ados fechados<\/strong><\/p>\n<\/li>\n<li data-start=\"1347\" data-end=\"1367\">\n<p data-start=\"1349\" data-end=\"1367\">\ud83e\udde2 <strong data-start=\"1352\" data-end=\"1365\">55 toucas<\/strong><\/p>\n<\/li>\n<li data-start=\"1368\" data-end=\"1394\">\n<p data-start=\"1370\" data-end=\"1394\">\ud83e\udde6 <strong data-start=\"1373\" data-end=\"1394\">87 pares de meias<\/strong><\/p>\n<\/li>\n<\/ul>\n<p data-start=\"1396\" data-end=\"1575\">A a\u00e7\u00e3o refor\u00e7a a import\u00e2ncia da uni\u00e3o entre poder p\u00fablico, comunidade escolar e fam\u00edlias em torno de uma causa comum: <strong data-start=\"1514\" data-end=\"1552\">aquecer vidas e espalhar esperan\u00e7a<\/strong> neste per\u00edodo de frio.<\/p>\n<p data-start=\"1577\" data-end=\"1922\">A Prefeitura de Terenos, por meio das Secretarias envolvidas, <strong data-start=\"1639\" data-end=\"1676\">agradece a todos que contribu\u00edram, <\/strong>estudantes, pais, professores, servidores e moradores\u00a0 pela participa\u00e7\u00e3o e solidariedade. Iniciativas como essa mostram que <strong data-start=\"1804\" data-end=\"1831\">a uni\u00e3o faz a diferen\u00e7a<\/strong> e que, juntos, podemos transformar pequenas atitudes em grandes gestos de amor ao pr\u00f3ximo.<\/p>\n","protected":false},"excerpt":{"rendered":"<p>Idealizada pela primeira-dama Cacilda Rocha Hildebrand Budke, a campanha do agasalho \u201cTerenos Aquece Vidas\u201d chegou \u00e0 sua edi\u00e7\u00e3o de 2025 com ainda mais for\u00e7a e engajamento da comunidade. Nesta segunda edi\u00e7\u00e3o, os CMEIs e as escolas da rede municipal de ensino abra\u00e7aram a causa, promovendo uma verdadeira mobiliza\u00e7\u00e3o em prol da solidariedade. Mais do que [&hellip;]<\/p>\n","protected":false},"author":5,"featured_media":7883,"comment_status":"closed","ping_status":"closed","sticky":false,"template":"","format":"standard","meta":{"_et_pb_use_builder":"","_et_pb_old_content":"","_et_gb_content_width":"","footnotes":""},"categories":[49,51],"tags":[],"class_list":["post-7882","post","type-post","status-publish","format-standard","has-post-thumbnail","hentry","category-assistencia-social","category-educacao"],"_links":{"self":[{"href":"https:\/\/www.terenos.ms.gov.br\/index.php?rest_route=\/wp\/v2\/posts\/7882","targetHints":{"allow":["GET"]}}],"collection":[{"href":"https:\/\/www.terenos.ms.gov.br\/index.php?rest_route=\/wp\/v2\/posts"}],"about":[{"href":"https:\/\/www.terenos.ms.gov.br\/index.php?rest_route=\/wp\/v2\/types\/post"}],"author":[{"embeddable":true,"href":"https:\/\/www.terenos.ms.gov.br\/index.php?rest_route=\/wp\/v2\/users\/5"}],"replies":[{"embeddable":true,"href":"https:\/\/www.terenos.ms.gov.br\/index.php?rest_route=%2Fwp%2Fv2%2Fcomments&post=7882"}],"version-history":[{"count":1,"href":"https:\/\/www.terenos.ms.gov.br\/index.php?rest_route=\/wp\/v2\/posts\/7882\/revisions"}],"predecessor-version":[{"id":7884,"href":"https:\/\/www.terenos.ms.gov.br\/index.php?rest_route=\/wp\/v2\/posts\/7882\/revisions\/7884"}],"wp:featuredmedia":[{"embeddable":true,"href":"https:\/\/www.terenos.ms.gov.br\/index.php?rest_route=\/wp\/v2\/media\/7883"}],"wp:attachment":[{"href":"https:\/\/www.terenos.ms.gov.br\/index.php?rest_route=%2Fwp%2Fv2%2Fmedia&parent=7882"}],"wp:term":[{"taxonomy":"category","embeddable":true,"href":"https:\/\/www.terenos.ms.gov.br\/index.php?rest_route=%2Fwp%2Fv2%2Fcategories&post=7882"},{"taxonomy":"post_tag","embeddable":true,"href":"https:\/\/www.terenos.ms.gov.br\/index.php?rest_route=%2Fwp%2Fv2%2Ftags&post=7882"}],"curies":[{"name":"wp","href":"https:\/\/api.w.org\/{rel}","templated":true}]}}