{"id":7789,"date":"2025-05-16T12:13:00","date_gmt":"2025-05-16T16:13:00","guid":{"rendered":"https:\/\/www.terenos.ms.gov.br\/?p=7789"},"modified":"2025-05-16T12:13:00","modified_gmt":"2025-05-16T16:13:00","slug":"dia-internacional-da-enfermagem-e-comemorado-com-momento-de-cuidado-aos-profissionais-da-saude-em-terenos","status":"publish","type":"post","link":"https:\/\/www.terenos.ms.gov.br\/?p=7789","title":{"rendered":"Dia Internacional da Enfermagem \u00e9 comemorado com momento de cuidado aos profissionais da sa\u00fade em Terenos"},"content":{"rendered":"<p style=\"text-align: justify;\">Nessa quinta-feira (15), em alus\u00e3o ao <strong>Dia Internacional da Enfermagem<\/strong>, a Prefeitura de Terenos, por meio da Secretaria Municipal de Sa\u00fade, promoveu uma a\u00e7\u00e3o especial voltada ao cuidado e valoriza\u00e7\u00e3o dos <strong>enfermeiros(as)<\/strong> e <strong>t\u00e9cnicos(as) de enfermagem<\/strong> que atuam na rede municipal.<\/p>\n<p style=\"text-align: justify;\">A iniciativa teve como objetivo proporcionar um momento de pausa, autocuidado e reconhecimento a esses profissionais que desempenham um papel fundamental na aten\u00e7\u00e3o \u00e0 sa\u00fade da popula\u00e7\u00e3o. Foram oferecidas pr\u00e1ticas integrativas que promovem o bem-estar f\u00edsico e emocional, refor\u00e7ando o compromisso do munic\u00edpio com a sa\u00fade tamb\u00e9m de quem cuida.<\/p>\n<p style=\"text-align: justify;\">Entre as atividades realizadas estiveram:<br \/>\n\u2728 <strong>Reflexologia das m\u00e3os<\/strong> \u2013 t\u00e9cnica terap\u00eautica que estimula pontos espec\u00edficos para promover relaxamento e equil\u00edbrio do organismo.<br \/>\n\u2728 <strong>Acupuntura<\/strong> \u2013 pr\u00e1tica tradicional que auxilia no al\u00edvio de dores e no equil\u00edbrio energ\u00e9tico.<br \/>\n\u2728 <strong>Libera\u00e7\u00e3o miofascial<\/strong> \u2013 tratamento voltado ao al\u00edvio de tens\u00f5es musculares e melhora da mobilidade.<\/p>\n<p style=\"text-align: justify;\">Al\u00e9m dos cuidados terap\u00eauticos, os profissionais foram recepcionados com um <em>coffee break<\/em> especial, em um ambiente preparado com carinho para acolher e celebrar a dedica\u00e7\u00e3o desses trabalhadores que est\u00e3o na linha de frente todos os dias.<\/p>\n<p style=\"text-align: justify;\">A Prefeitura de Terenos reafirma seu compromisso com a valoriza\u00e7\u00e3o dos profissionais da sa\u00fade e parabeniza todos os <strong>enfermeiros, enfermeiras, t\u00e9cnicos e t\u00e9cnicas de enfermagem<\/strong>, que desempenham com excel\u00eancia a miss\u00e3o de cuidar das pessoas, promovendo sa\u00fade, dignidade e esperan\u00e7a.<\/p>\n<p style=\"text-align: justify;\"><strong>Parab\u00e9ns a todos(as) os(as) profissionais da Enfermagem!<\/strong><br \/>\nVoc\u00eas s\u00e3o essenciais e merecem todo o nosso reconhecimento.<\/p>\n","protected":false},"excerpt":{"rendered":"<p>Nessa quinta-feira (15), em alus\u00e3o ao Dia Internacional da Enfermagem, a Prefeitura de Terenos, por meio da Secretaria Municipal de Sa\u00fade, promoveu uma a\u00e7\u00e3o especial voltada ao cuidado e valoriza\u00e7\u00e3o dos enfermeiros(as) e t\u00e9cnicos(as) de enfermagem que atuam na rede municipal. A iniciativa teve como objetivo proporcionar um momento de pausa, autocuidado e reconhecimento a [&hellip;]<\/p>\n","protected":false},"author":5,"featured_media":7790,"comment_status":"closed","ping_status":"closed","sticky":false,"template":"","format":"standard","meta":{"_et_pb_use_builder":"","_et_pb_old_content":"","_et_gb_content_width":"","footnotes":""},"categories":[14],"tags":[],"class_list":["post-7789","post","type-post","status-publish","format-standard","has-post-thumbnail","hentry","category-saude"],"_links":{"self":[{"href":"https:\/\/www.terenos.ms.gov.br\/index.php?rest_route=\/wp\/v2\/posts\/7789","targetHints":{"allow":["GET"]}}],"collection":[{"href":"https:\/\/www.terenos.ms.gov.br\/index.php?rest_route=\/wp\/v2\/posts"}],"about":[{"href":"https:\/\/www.terenos.ms.gov.br\/index.php?rest_route=\/wp\/v2\/types\/post"}],"author":[{"embeddable":true,"href":"https:\/\/www.terenos.ms.gov.br\/index.php?rest_route=\/wp\/v2\/users\/5"}],"replies":[{"embeddable":true,"href":"https:\/\/www.terenos.ms.gov.br\/index.php?rest_route=%2Fwp%2Fv2%2Fcomments&post=7789"}],"version-history":[{"count":1,"href":"https:\/\/www.terenos.ms.gov.br\/index.php?rest_route=\/wp\/v2\/posts\/7789\/revisions"}],"predecessor-version":[{"id":7791,"href":"https:\/\/www.terenos.ms.gov.br\/index.php?rest_route=\/wp\/v2\/posts\/7789\/revisions\/7791"}],"wp:featuredmedia":[{"embeddable":true,"href":"https:\/\/www.terenos.ms.gov.br\/index.php?rest_route=\/wp\/v2\/media\/7790"}],"wp:attachment":[{"href":"https:\/\/www.terenos.ms.gov.br\/index.php?rest_route=%2Fwp%2Fv2%2Fmedia&parent=7789"}],"wp:term":[{"taxonomy":"category","embeddable":true,"href":"https:\/\/www.terenos.ms.gov.br\/index.php?rest_route=%2Fwp%2Fv2%2Fcategories&post=7789"},{"taxonomy":"post_tag","embeddable":true,"href":"https:\/\/www.terenos.ms.gov.br\/index.php?rest_route=%2Fwp%2Fv2%2Ftags&post=7789"}],"curies":[{"name":"wp","href":"https:\/\/api.w.org\/{rel}","templated":true}]}}