{"id":7780,"date":"2025-05-13T12:11:36","date_gmt":"2025-05-13T16:11:36","guid":{"rendered":"https:\/\/www.terenos.ms.gov.br\/?p=7780"},"modified":"2025-05-13T14:30:11","modified_gmt":"2025-05-13T18:30:11","slug":"publica-sobre-a-lei-aldir-blanc-2025","status":"publish","type":"post","link":"https:\/\/www.terenos.ms.gov.br\/?p=7780","title":{"rendered":"P\u00fablica sobre a Lei Aldir Blanc 2025"},"content":{"rendered":"<p style=\"text-align: justify;\">A Prefeitura de Terenos convida para a Escuta P\u00fablica sobre a Lei Aldir Blanc 2025, que ser\u00e1 realizada no dia 19 de maio, \u00e0s 18 horas, no Centro Cultural Senador Ramez Tebet. Este \u00e9 um momento importante para dialogar sobre o investimentos na cultura local e aprimorar as a\u00e7\u00f5es previstas.<\/p>\n<p style=\"text-align: justify;\">Contamos com a sua presen\u00e7a!<\/p>\n","protected":false},"excerpt":{"rendered":"<p>A Prefeitura de Terenos convida para a Escuta P\u00fablica sobre a Lei Aldir Blanc 2025, que ser\u00e1 realizada no dia 19 de maio, \u00e0s 18 horas, no Centro Cultural Senador Ramez Tebet. Este \u00e9 um momento importante para dialogar sobre o investimentos na cultura local e aprimorar as a\u00e7\u00f5es previstas. Contamos com a sua presen\u00e7a!<\/p>\n","protected":false},"author":5,"featured_media":7783,"comment_status":"closed","ping_status":"closed","sticky":false,"template":"","format":"standard","meta":{"_et_pb_use_builder":"","_et_pb_old_content":"","_et_gb_content_width":"","footnotes":""},"categories":[51],"tags":[],"class_list":["post-7780","post","type-post","status-publish","format-standard","has-post-thumbnail","hentry","category-educacao"],"_links":{"self":[{"href":"https:\/\/www.terenos.ms.gov.br\/index.php?rest_route=\/wp\/v2\/posts\/7780","targetHints":{"allow":["GET"]}}],"collection":[{"href":"https:\/\/www.terenos.ms.gov.br\/index.php?rest_route=\/wp\/v2\/posts"}],"about":[{"href":"https:\/\/www.terenos.ms.gov.br\/index.php?rest_route=\/wp\/v2\/types\/post"}],"author":[{"embeddable":true,"href":"https:\/\/www.terenos.ms.gov.br\/index.php?rest_route=\/wp\/v2\/users\/5"}],"replies":[{"embeddable":true,"href":"https:\/\/www.terenos.ms.gov.br\/index.php?rest_route=%2Fwp%2Fv2%2Fcomments&post=7780"}],"version-history":[{"count":2,"href":"https:\/\/www.terenos.ms.gov.br\/index.php?rest_route=\/wp\/v2\/posts\/7780\/revisions"}],"predecessor-version":[{"id":7784,"href":"https:\/\/www.terenos.ms.gov.br\/index.php?rest_route=\/wp\/v2\/posts\/7780\/revisions\/7784"}],"wp:featuredmedia":[{"embeddable":true,"href":"https:\/\/www.terenos.ms.gov.br\/index.php?rest_route=\/wp\/v2\/media\/7783"}],"wp:attachment":[{"href":"https:\/\/www.terenos.ms.gov.br\/index.php?rest_route=%2Fwp%2Fv2%2Fmedia&parent=7780"}],"wp:term":[{"taxonomy":"category","embeddable":true,"href":"https:\/\/www.terenos.ms.gov.br\/index.php?rest_route=%2Fwp%2Fv2%2Fcategories&post=7780"},{"taxonomy":"post_tag","embeddable":true,"href":"https:\/\/www.terenos.ms.gov.br\/index.php?rest_route=%2Fwp%2Fv2%2Ftags&post=7780"}],"curies":[{"name":"wp","href":"https:\/\/api.w.org\/{rel}","templated":true}]}}