{"id":7771,"date":"2025-05-07T15:18:04","date_gmt":"2025-05-07T19:18:04","guid":{"rendered":"https:\/\/www.terenos.ms.gov.br\/?p=7771"},"modified":"2025-05-07T15:18:55","modified_gmt":"2025-05-07T19:18:55","slug":"terenos-celebra-72-anos-com-pacote-historico-de-obras-investimentos-e-festa-para-a-populacao","status":"publish","type":"post","link":"https:\/\/www.terenos.ms.gov.br\/?p=7771","title":{"rendered":"Terenos celebra 72 anos com pacote hist\u00f3rico de obras, investimentos  e festa para a popula\u00e7\u00e3o"},"content":{"rendered":"<p class=\"s5\"><span class=\"s4\"><span class=\"bumpedFont15\">A cidade de Terenos completa 72 anos de hist\u00f3ria e quem ganha o presente \u00e9 a popula\u00e7\u00e3o. Para comemorar a data, a Prefeitura preparou um conjunto expressivo de obras, entregas de investimentos e uma grande festa de rodeio com shows musicais, celebrando o desenvolvimento do munic\u00edpio com trabalho, compromisso e alegria.<\/span><\/span><\/p>\n<p class=\"s5\"><span class=\"s4\"><span class=\"bumpedFont15\">Entre os destaques da programa\u00e7\u00e3o de anivers\u00e1rio est\u00e1 o lan\u00e7amento da constru\u00e7\u00e3o de 50 casas populares no Conjunto Vivare, que vai garantir moradia digna para dezenas de fam\u00edlias terenenses. A infraestrutura urbana tamb\u00e9m ganha aten\u00e7\u00e3o com o recapeamento asf\u00e1ltico dos bairros Garcia Leal e Centro, al\u00e9m do asfaltamento da regi\u00e3o da Ponte do Grego, uma reivindica\u00e7\u00e3o antiga da comunidade.<\/span><\/span><\/p>\n<p class=\"s5\"><span class=\"s4\"><span class=\"bumpedFont15\">A \u00e1rea da sa\u00fade avan\u00e7a com importantes entregas, como a reforma do Posto de Sa\u00fade da Patag\u00f4nia, a cria\u00e7\u00e3o da Sala para atendimento de alunos com autismo, voltada ao atendimento especializado de crian\u00e7as com TEA, e a implanta\u00e7\u00e3o do CAPS (Centro de Aten\u00e7\u00e3o Psicossocial), que refor\u00e7ar\u00e1 o cuidado com a sa\u00fade mental no munic\u00edpio. Outra grande conquista \u00e9 a chegada de uma ambul\u00e2ncia do SAMU, que amplia e qualifica o atendimento de urg\u00eancia e emerg\u00eancia.<\/span><\/span><\/p>\n<p class=\"s5\"><span class=\"s4\"><span class=\"bumpedFont15\">A seguran\u00e7a tamb\u00e9m foi contemplada com a implanta\u00e7\u00e3o de 50 c\u00e2meras de videomonitoramento em pontos estrat\u00e9gicos da cidade e a instala\u00e7\u00e3o de sistemas de vigil\u00e2ncia nas escolas da rede municipal, trazendo mais tranquilidade para alunos, pais e professores.<\/span><\/span><\/p>\n<p class=\"s5\"><span class=\"s4\"><span class=\"bumpedFont15\">Na zona rural, a Prefeitura vai construir tr\u00eas pontes de concreto sobre os c\u00f3rregos Pito, Varredouro e Varj\u00e3o, facilitando o acesso e garantindo mais seguran\u00e7a no tr\u00e1fego. J\u00e1 o programa Semear Terenos promete incentivar a agricultura familiar e promover o desenvolvimento sustent\u00e1vel do campo.<\/span><\/span><\/p>\n<p class=\"s5\"><span class=\"s4\"><span class=\"bumpedFont15\">Outro destaque \u00e9 o programa Regulariza Terenos, que est\u00e1 promovendo a regulariza\u00e7\u00e3o fundi\u00e1ria de im\u00f3veis urbanos, garantindo o direito \u00e0 escritura para centenas de fam\u00edlias.<\/span><\/span><\/p>\n<p class=\"s5\"><span class=\"s4\"><span class=\"bumpedFont15\">Para celebrar tantas conquistas, a cidade tamb\u00e9m se prepara para uma grande festa de rodeio, com shows musicais gratuitos. As atra\u00e7\u00f5es principais incluem a cantora Luiza Martins, destaque da nova gera\u00e7\u00e3o sertaneja, e a dupla Jo\u00e3o Gustavo &amp; Murilo, que promete levantar o p\u00fablico com seus sucessos.<\/span><\/span><\/p>\n<p class=\"s5\"><span class=\"s4\"><span class=\"bumpedFont15\">Com uma programa\u00e7\u00e3o que une investimento p\u00fablico e celebra\u00e7\u00e3o popular, Terenos mostra que est\u00e1 em ritmo de crescimento, sem perder suas ra\u00edzes. Os 72 anos ser\u00e3o comemorados com orgulho, trabalho e festa \u2014 do jeito que o povo terenense merece.<\/span><\/span><\/p>\n<p class=\"s5\">\n","protected":false},"excerpt":{"rendered":"<p>A cidade de Terenos completa 72 anos de hist\u00f3ria e quem ganha o presente \u00e9 a popula\u00e7\u00e3o. Para comemorar a data, a Prefeitura preparou um conjunto expressivo de obras, entregas de investimentos e uma grande festa de rodeio com shows musicais, celebrando o desenvolvimento do munic\u00edpio com trabalho, compromisso e alegria. Entre os destaques da [&hellip;]<\/p>\n","protected":false},"author":5,"featured_media":7775,"comment_status":"closed","ping_status":"closed","sticky":false,"template":"","format":"standard","meta":{"_et_pb_use_builder":"","_et_pb_old_content":"","_et_gb_content_width":"","footnotes":""},"categories":[49,52,51,48,55],"tags":[],"class_list":["post-7771","post","type-post","status-publish","format-standard","has-post-thumbnail","hentry","category-assistencia-social","category-desenvolvimento-agrario","category-educacao","category-obras","category-transito"],"_links":{"self":[{"href":"https:\/\/www.terenos.ms.gov.br\/index.php?rest_route=\/wp\/v2\/posts\/7771","targetHints":{"allow":["GET"]}}],"collection":[{"href":"https:\/\/www.terenos.ms.gov.br\/index.php?rest_route=\/wp\/v2\/posts"}],"about":[{"href":"https:\/\/www.terenos.ms.gov.br\/index.php?rest_route=\/wp\/v2\/types\/post"}],"author":[{"embeddable":true,"href":"https:\/\/www.terenos.ms.gov.br\/index.php?rest_route=\/wp\/v2\/users\/5"}],"replies":[{"embeddable":true,"href":"https:\/\/www.terenos.ms.gov.br\/index.php?rest_route=%2Fwp%2Fv2%2Fcomments&post=7771"}],"version-history":[{"count":1,"href":"https:\/\/www.terenos.ms.gov.br\/index.php?rest_route=\/wp\/v2\/posts\/7771\/revisions"}],"predecessor-version":[{"id":7776,"href":"https:\/\/www.terenos.ms.gov.br\/index.php?rest_route=\/wp\/v2\/posts\/7771\/revisions\/7776"}],"wp:featuredmedia":[{"embeddable":true,"href":"https:\/\/www.terenos.ms.gov.br\/index.php?rest_route=\/wp\/v2\/media\/7775"}],"wp:attachment":[{"href":"https:\/\/www.terenos.ms.gov.br\/index.php?rest_route=%2Fwp%2Fv2%2Fmedia&parent=7771"}],"wp:term":[{"taxonomy":"category","embeddable":true,"href":"https:\/\/www.terenos.ms.gov.br\/index.php?rest_route=%2Fwp%2Fv2%2Fcategories&post=7771"},{"taxonomy":"post_tag","embeddable":true,"href":"https:\/\/www.terenos.ms.gov.br\/index.php?rest_route=%2Fwp%2Fv2%2Ftags&post=7771"}],"curies":[{"name":"wp","href":"https:\/\/api.w.org\/{rel}","templated":true}]}}