{"id":7715,"date":"2025-04-09T13:28:16","date_gmt":"2025-04-09T17:28:16","guid":{"rendered":"https:\/\/www.terenos.ms.gov.br\/?p=7715"},"modified":"2025-04-09T13:33:28","modified_gmt":"2025-04-09T17:33:28","slug":"apresentacao-do-projeto-semear-terenos","status":"publish","type":"post","link":"https:\/\/www.terenos.ms.gov.br\/?p=7715","title":{"rendered":"Apresenta\u00e7\u00e3o do Projeto SemeAR Terenos"},"content":{"rendered":"<p class=\"\" style=\"text-align: justify;\" data-start=\"210\" data-end=\"420\">Na manh\u00e3 desta quarta-feira (9), a Secretaria de Desenvolvimento lan\u00e7ou oficialmente o <strong data-start=\"297\" data-end=\"323\">Projeto SemeAR Terenos<\/strong>, uma importante iniciativa voltada ao fortalecimento da agricultura familiar em nosso munic\u00edpio.<\/p>\n<p class=\"\" style=\"text-align: justify;\" data-start=\"210\" data-end=\"420\">O projeto tem como principal objetivo promover a doa\u00e7\u00e3o de sementes\u00a0 a pequenos produtores rurais, contribuindo diretamente para a <strong data-start=\"555\" data-end=\"578\">seguran\u00e7a alimentar<\/strong>, o <strong data-start=\"586\" data-end=\"621\">desenvolvimento econ\u00f4mico local<\/strong>\u00a0 e a <strong data-start=\"629\" data-end=\"672\">sustentabilidade das comunidades rurais<\/strong>. Por meio dessa a\u00e7\u00e3o, busca-se oferecer mais autonomia e condi\u00e7\u00f5es dignas aos agricultores, valorizando o trabalho no campo e incentivando a produ\u00e7\u00e3o local.<\/p>\n<h4 class=\"\" style=\"text-align: justify;\" data-start=\"606\" data-end=\"631\">\ud83c\udf3ePor que \u201cSemeAR\u201d?<\/h4>\n<p class=\"\" style=\"text-align: justify;\" data-start=\"633\" data-end=\"795\">O nome foi escolhido para traduzir simbolicamente os valores e objetivos do projeto. Ele carrega um <strong data-start=\"733\" data-end=\"754\">duplo significado<\/strong> que reflete a ess\u00eancia dessa iniciativa:<\/p>\n<ul style=\"text-align: justify;\" data-start=\"797\" data-end=\"1264\">\n<li class=\"\" data-start=\"797\" data-end=\"1022\">\n<p class=\"\" data-start=\"799\" data-end=\"1022\"><strong data-start=\"799\" data-end=\"809\">Semear<\/strong>: o ato de plantar, iniciar algo novo, promover crescimento.<br data-start=\"869\" data-end=\"872\" \/>Representa o apoio direto ao pequeno produtor, com a doa\u00e7\u00e3o de sementes e mudas que fortalecem a agricultura familiar e incentivam a produ\u00e7\u00e3o local.<\/p>\n<\/li>\n<li class=\"\" data-start=\"1024\" data-end=\"1264\">\n<p class=\"\" data-start=\"1026\" data-end=\"1264\"><strong data-start=\"1026\" data-end=\"1032\">AR<\/strong>: remete ao ar puro, \u00e0 natureza, ao meio ambiente e ao desenvolvimento sustent\u00e1vel.<br data-start=\"1115\" data-end=\"1118\" \/>Simboliza o compromisso com o cuidado \u00e0 vida no campo, a preserva\u00e7\u00e3o dos recursos naturais e a constru\u00e7\u00e3o de um futuro mais saud\u00e1vel para todos.<\/p>\n<\/li>\n<\/ul>\n<p style=\"text-align: justify;\">Mais do que a simples distribui\u00e7\u00e3o de sementes, o <strong data-start=\"133\" data-end=\"159\">Projeto SemeAR Terenos<\/strong> expressa o compromisso da gest\u00e3o municipal com a promo\u00e7\u00e3o de <strong data-start=\"221\" data-end=\"257\">pol\u00edticas p\u00fablicas estruturantes<\/strong>, voltadas ao fortalecimento da agricultura familiar, \u00e0 valoriza\u00e7\u00e3o do trabalho no campo e \u00e0 promo\u00e7\u00e3o da dignidade nas comunidades rurais. A iniciativa visa fomentar <strong data-start=\"423\" data-end=\"480\">condi\u00e7\u00f5es concretas de desenvolvimento socioecon\u00f4mico<\/strong>, contribuindo para a constru\u00e7\u00e3o de um futuro mais <strong data-start=\"531\" data-end=\"570\">equitativo, sustent\u00e1vel e promissor<\/strong>.<\/p>\n","protected":false},"excerpt":{"rendered":"<p>Na manh\u00e3 desta quarta-feira (9), a Secretaria de Desenvolvimento lan\u00e7ou oficialmente o Projeto SemeAR Terenos, uma importante iniciativa voltada ao fortalecimento da agricultura familiar em nosso munic\u00edpio. O projeto tem como principal objetivo promover a doa\u00e7\u00e3o de sementes\u00a0 a pequenos produtores rurais, contribuindo diretamente para a seguran\u00e7a alimentar, o desenvolvimento econ\u00f4mico local\u00a0 e a sustentabilidade [&hellip;]<\/p>\n","protected":false},"author":5,"featured_media":7719,"comment_status":"closed","ping_status":"closed","sticky":false,"template":"","format":"standard","meta":{"_et_pb_use_builder":"","_et_pb_old_content":"","_et_gb_content_width":"","footnotes":""},"categories":[52],"tags":[],"class_list":["post-7715","post","type-post","status-publish","format-standard","has-post-thumbnail","hentry","category-desenvolvimento-agrario"],"_links":{"self":[{"href":"https:\/\/www.terenos.ms.gov.br\/index.php?rest_route=\/wp\/v2\/posts\/7715","targetHints":{"allow":["GET"]}}],"collection":[{"href":"https:\/\/www.terenos.ms.gov.br\/index.php?rest_route=\/wp\/v2\/posts"}],"about":[{"href":"https:\/\/www.terenos.ms.gov.br\/index.php?rest_route=\/wp\/v2\/types\/post"}],"author":[{"embeddable":true,"href":"https:\/\/www.terenos.ms.gov.br\/index.php?rest_route=\/wp\/v2\/users\/5"}],"replies":[{"embeddable":true,"href":"https:\/\/www.terenos.ms.gov.br\/index.php?rest_route=%2Fwp%2Fv2%2Fcomments&post=7715"}],"version-history":[{"count":1,"href":"https:\/\/www.terenos.ms.gov.br\/index.php?rest_route=\/wp\/v2\/posts\/7715\/revisions"}],"predecessor-version":[{"id":7717,"href":"https:\/\/www.terenos.ms.gov.br\/index.php?rest_route=\/wp\/v2\/posts\/7715\/revisions\/7717"}],"wp:featuredmedia":[{"embeddable":true,"href":"https:\/\/www.terenos.ms.gov.br\/index.php?rest_route=\/wp\/v2\/media\/7719"}],"wp:attachment":[{"href":"https:\/\/www.terenos.ms.gov.br\/index.php?rest_route=%2Fwp%2Fv2%2Fmedia&parent=7715"}],"wp:term":[{"taxonomy":"category","embeddable":true,"href":"https:\/\/www.terenos.ms.gov.br\/index.php?rest_route=%2Fwp%2Fv2%2Fcategories&post=7715"},{"taxonomy":"post_tag","embeddable":true,"href":"https:\/\/www.terenos.ms.gov.br\/index.php?rest_route=%2Fwp%2Fv2%2Ftags&post=7715"}],"curies":[{"name":"wp","href":"https:\/\/api.w.org\/{rel}","templated":true}]}}