{"id":7695,"date":"2025-04-02T14:04:40","date_gmt":"2025-04-02T18:04:40","guid":{"rendered":"https:\/\/www.terenos.ms.gov.br\/?p=7695"},"modified":"2025-04-02T14:04:40","modified_gmt":"2025-04-02T18:04:40","slug":"reuniao-conjunta-para-fortalecimento-das-acoes-de-controle-de-vetores","status":"publish","type":"post","link":"https:\/\/www.terenos.ms.gov.br\/?p=7695","title":{"rendered":"Reuni\u00e3o Conjunta para Fortalecimento das A\u00e7\u00f5es de Controle de Vetores"},"content":{"rendered":"<p style=\"text-align: justify;\">Nesta manh\u00e3 (2), foi realizada uma importante reuni\u00e3o conjunta com a Secretaria de Estado de Sa\u00fade, por meio da Coordena\u00e7\u00e3o de Controle de Vetores e da Coordena\u00e7\u00e3o de Aten\u00e7\u00e3o Prim\u00e1ria \u00e0 Sa\u00fade. O encontro teve como objetivo sensibilizar e capacitar os Agentes Comunit\u00e1rios de Sa\u00fade e os Agentes de Combate a Endemias para o enfrentamento do atual per\u00edodo de alta transmiss\u00e3o de doen\u00e7as.<\/p>\n<p style=\"text-align: justify;\">A a\u00e7\u00e3o refor\u00e7a a import\u00e2ncia do olhar atento dos profissionais que atuam diretamente nos territ\u00f3rios, destacando suas atribui\u00e7\u00f5es e estrat\u00e9gias para o controle de vetores, visando o bem-estar da comunidade.<\/p>\n<p style=\"text-align: justify;\">O momento foi de alinhamento, escuta e planejamento, com foco na preven\u00e7\u00e3o e na promo\u00e7\u00e3o da sa\u00fade.<\/p>\n","protected":false},"excerpt":{"rendered":"<p>Nesta manh\u00e3 (2), foi realizada uma importante reuni\u00e3o conjunta com a Secretaria de Estado de Sa\u00fade, por meio da Coordena\u00e7\u00e3o de Controle de Vetores e da Coordena\u00e7\u00e3o de Aten\u00e7\u00e3o Prim\u00e1ria \u00e0 Sa\u00fade. O encontro teve como objetivo sensibilizar e capacitar os Agentes Comunit\u00e1rios de Sa\u00fade e os Agentes de Combate a Endemias para o enfrentamento [&hellip;]<\/p>\n","protected":false},"author":5,"featured_media":7696,"comment_status":"closed","ping_status":"closed","sticky":false,"template":"","format":"standard","meta":{"_et_pb_use_builder":"","_et_pb_old_content":"","_et_gb_content_width":"","footnotes":""},"categories":[14],"tags":[],"class_list":["post-7695","post","type-post","status-publish","format-standard","has-post-thumbnail","hentry","category-saude"],"_links":{"self":[{"href":"https:\/\/www.terenos.ms.gov.br\/index.php?rest_route=\/wp\/v2\/posts\/7695","targetHints":{"allow":["GET"]}}],"collection":[{"href":"https:\/\/www.terenos.ms.gov.br\/index.php?rest_route=\/wp\/v2\/posts"}],"about":[{"href":"https:\/\/www.terenos.ms.gov.br\/index.php?rest_route=\/wp\/v2\/types\/post"}],"author":[{"embeddable":true,"href":"https:\/\/www.terenos.ms.gov.br\/index.php?rest_route=\/wp\/v2\/users\/5"}],"replies":[{"embeddable":true,"href":"https:\/\/www.terenos.ms.gov.br\/index.php?rest_route=%2Fwp%2Fv2%2Fcomments&post=7695"}],"version-history":[{"count":1,"href":"https:\/\/www.terenos.ms.gov.br\/index.php?rest_route=\/wp\/v2\/posts\/7695\/revisions"}],"predecessor-version":[{"id":7697,"href":"https:\/\/www.terenos.ms.gov.br\/index.php?rest_route=\/wp\/v2\/posts\/7695\/revisions\/7697"}],"wp:featuredmedia":[{"embeddable":true,"href":"https:\/\/www.terenos.ms.gov.br\/index.php?rest_route=\/wp\/v2\/media\/7696"}],"wp:attachment":[{"href":"https:\/\/www.terenos.ms.gov.br\/index.php?rest_route=%2Fwp%2Fv2%2Fmedia&parent=7695"}],"wp:term":[{"taxonomy":"category","embeddable":true,"href":"https:\/\/www.terenos.ms.gov.br\/index.php?rest_route=%2Fwp%2Fv2%2Fcategories&post=7695"},{"taxonomy":"post_tag","embeddable":true,"href":"https:\/\/www.terenos.ms.gov.br\/index.php?rest_route=%2Fwp%2Fv2%2Ftags&post=7695"}],"curies":[{"name":"wp","href":"https:\/\/api.w.org\/{rel}","templated":true}]}}