{"id":7549,"date":"2025-03-13T14:38:29","date_gmt":"2025-03-13T18:38:29","guid":{"rendered":"https:\/\/www.terenos.ms.gov.br\/?p=7549"},"modified":"2025-03-14T07:56:57","modified_gmt":"2025-03-14T11:56:57","slug":"olitef-a-maior-olimpiada-de-educacao-financeira-do-brasil","status":"publish","type":"post","link":"https:\/\/www.terenos.ms.gov.br\/?p=7549","title":{"rendered":"OLITEF &#8211; A Maior Olimp\u00edada de Educa\u00e7\u00e3o Financeira do Brasil!"},"content":{"rendered":"<p style=\"text-align: justify;\" data-start=\"154\" data-end=\"462\">Mais uma conquista para Terenos! A professora <strong data-start=\"200\" data-end=\"217\">Juliana Maria<\/strong> desenvolveu o projeto com as turmas do <strong data-start=\"257\" data-end=\"275\">Fundamental II<\/strong>, e duas alunas do <strong data-start=\"294\" data-end=\"329\">6\u00ba ano da \u00a0Escola Municipal Jamic<\/strong> se destacaram, conquistando medalhas de prata e bronze na <strong data-start=\"388\" data-end=\"451\">Olimp\u00edada do Tesouro Direto de Educa\u00e7\u00e3o Financeira \u2013 OLITEF<\/strong> em 2024.<\/p>\n<p style=\"text-align: justify;\" data-start=\"464\" data-end=\"734\">A OLITEF \u00e9 uma iniciativa nacional que tem como objetivo promover e estimular o conhecimento financeiro entre os estudantes da Educa\u00e7\u00e3o B\u00e1sica. O projeto \u00e9 uma parceria entre o <strong data-start=\"641\" data-end=\"731\">Tesouro Nacional e a B3 (Bolsa do Brasil), com o apoio do Minist\u00e9rio da Educa\u00e7\u00e3o (MEC)<\/strong>.<\/p>\n<p style=\"text-align: justify;\" data-start=\"736\" data-end=\"1007\">Com <strong data-start=\"740\" data-end=\"764\">inscri\u00e7\u00f5es gratuitas<\/strong>, a competi\u00e7\u00e3o \u00e9 aberta para alunos do <strong data-start=\"803\" data-end=\"871\">6\u00ba ao 9\u00ba ano do Ensino Fundamental e da 1\u00aa s\u00e9rie do Ensino M\u00e9dio<\/strong>, incentivando o aprendizado sobre educa\u00e7\u00e3o financeira e preparando os jovens para um futuro mais consciente e seguro financeiramente.<\/p>\n<h1 class=\"entry-title\"><strong>Relembrando algumas conquistas dos nossos alunos e do munic\u00edpio de Terenos!<\/strong><\/h1>\n<p style=\"text-align: justify;\"><img decoding=\"async\" class=\"emoji\" role=\"img\" draggable=\"false\" src=\"https:\/\/s.w.org\/images\/core\/emoji\/14.0.0\/svg\/31-20e3.svg\" alt=\"1\ufe0f\u20e3\" \/>\u00a0<strong>Premia\u00e7\u00e3o no FETRAN<\/strong><br \/>\nA equipe da PRF, organizadora do FETRAN, premiou o aluno\u00a0<strong>Rodrigo Aparecido<\/strong>\u00a0com uma bicicleta e um trof\u00e9u pela sua atua\u00e7\u00e3o como melhor ator na pe\u00e7a teatral\u00a0<strong>\u201cOs Cumpadis da Jamic e o Tr\u00e2nsito\u201d<\/strong>, vencedora na categoria Infantojuvenil da 11\u00aa edi\u00e7\u00e3o do FETRAN a n\u00edvel estadual.<\/p>\n<p style=\"text-align: justify;\"><img decoding=\"async\" class=\"emoji\" role=\"img\" draggable=\"false\" src=\"https:\/\/s.w.org\/images\/core\/emoji\/14.0.0\/svg\/32-20e3.svg\" alt=\"2\ufe0f\u20e3\" \/>\u00a0<strong>Pr\u00eamio Nestl\u00e9 Por Crian\u00e7as Mais Saud\u00e1veis<\/strong><br \/>\nA Escola Municipal \u00c1lvaro Lopes se destacou entre finalistas de todo o Brasil com o projeto\u00a0<strong>\u201cSe Mexer Faz Bem\u201d<\/strong>, idealizado pela gestora e professora\u00a0<strong>Neia Rolim<\/strong>. O projeto promove a cria\u00e7\u00e3o de um espa\u00e7o de conviv\u00eancia onde os alunos podem praticar dan\u00e7as, lutas, teatro e jogos durante as aulas de Educa\u00e7\u00e3o F\u00edsica, incentivando a intera\u00e7\u00e3o em um ambiente especialmente planejado.<\/p>\n<p style=\"text-align: justify;\"><img decoding=\"async\" class=\"emoji\" role=\"img\" draggable=\"false\" src=\"https:\/\/s.w.org\/images\/core\/emoji\/14.0.0\/svg\/33-20e3.svg\" alt=\"3\ufe0f\u20e3\" \/>\u00a0<strong>Concurso Agrinho \u2013 Reda\u00e7\u00e3o<\/strong><br \/>\nA Escola Municipal Professora Vilma F\u00e1tima de Assis Barreto, localizada no Assentamento Sete de Setembro, conquistou o\u00a0<strong>1\u00ba lugar<\/strong>\u00a0na categoria de Reda\u00e7\u00e3o \u2013 g\u00eanero Reportagem.<br \/>\nA aluna\u00a0<strong>Thaeme Kauany<\/strong>, do 9\u00ba ano, orientada pela professora\u00a0<strong>Naila Maria<\/strong>, destacou-se com um texto sobre \u201cPr\u00e1ticas agropecu\u00e1rias que garantem alimentos saud\u00e1veis.\u201d Ela abordou atividades como o manejo da horta escolar e o reaproveitamento de hortali\u00e7as fora do padr\u00e3o pela associa\u00e7\u00e3o de mulheres da comunidade. Thaeme foi premiada com um celular.<\/p>\n<p style=\"text-align: justify;\"><img decoding=\"async\" class=\"emoji\" role=\"img\" draggable=\"false\" src=\"https:\/\/s.w.org\/images\/core\/emoji\/14.0.0\/svg\/34-20e3.svg\" alt=\"4\ufe0f\u20e3\" \/>\u00a0<strong>Conquista no Programa Agrinho<\/strong><br \/>\nO munic\u00edpio de Terenos alcan\u00e7ou o\u00a0<strong>2\u00ba lugar<\/strong>\u00a0no Programa Agrinho com o projeto\u00a0<strong>\u201cSemeando Educa\u00e7\u00e3o, Colhendo Cidadania\u201d<\/strong>, desenvolvido pela Escola Municipal Jamic, envolvendo estudantes do 1\u00ba ao 9\u00ba ano.<br \/>\nO projeto trouxe solu\u00e7\u00f5es sustent\u00e1veis, como a compostagem, para promover conscientiza\u00e7\u00e3o ambiental. Os alunos constru\u00edram uma composteira, demonstrando como transformar res\u00edduos org\u00e2nicos em adubo.<br \/>\nNa categoria Reportagem, a aluna\u00a0<strong>Milena Trindade da Costa<\/strong>, do 9\u00ba ano, foi premiada, representando a dedica\u00e7\u00e3o de toda a escola.<\/p>\n<p style=\"text-align: justify;\"><img decoding=\"async\" class=\"emoji\" role=\"img\" draggable=\"false\" src=\"https:\/\/s.w.org\/images\/core\/emoji\/14.0.0\/svg\/35-20e3.svg\" alt=\"5\ufe0f\u20e3\" \/>\u00a0<strong>Selo Ouro de Compromisso com a Alfabetiza\u00e7\u00e3o 2024<\/strong><br \/>\nA Prefeitura Municipal de Terenos, por meio da Secretaria de Educa\u00e7\u00e3o, foi reconhecida com o\u00a0<strong>Selo Ouro<\/strong> pelo Minist\u00e9rio da Educa\u00e7\u00e3o (MEC). Com uma pontua\u00e7\u00e3o de <strong>95 pontos<\/strong>, o munic\u00edpio destacou-se pela excel\u00eancia nas a\u00e7\u00f5es voltadas para a alfabetiza\u00e7\u00e3o.<br \/>\nA entrega do selo ser\u00e1 realizada em Bras\u00edlia, celebrando as pr\u00e1ticas que fortalecem a educa\u00e7\u00e3o b\u00e1sica e reafirmando o compromisso de Terenos em garantir uma educa\u00e7\u00e3o de qualidade e transformar a sociedade.<\/p>\n<p><strong>Parab\u00e9ns aos alunos, professores, gestores e toda a equipe escolar por essas conquistas que enchem nosso munic\u00edpio de orgulho!<\/strong>\u00a0<img decoding=\"async\" class=\"emoji\" role=\"img\" draggable=\"false\" src=\"https:\/\/s.w.org\/images\/core\/emoji\/14.0.0\/svg\/1f31f.svg\" alt=\"\ud83c\udf1f\" \/><\/p>\n","protected":false},"excerpt":{"rendered":"<p>Mais uma conquista para Terenos! A professora Juliana Maria desenvolveu o projeto com as turmas do Fundamental II, e duas alunas do 6\u00ba ano da \u00a0Escola Municipal Jamic se destacaram, conquistando medalhas de prata e bronze na Olimp\u00edada do Tesouro Direto de Educa\u00e7\u00e3o Financeira \u2013 OLITEF em 2024. A OLITEF \u00e9 uma iniciativa nacional que [&hellip;]<\/p>\n","protected":false},"author":5,"featured_media":7550,"comment_status":"closed","ping_status":"closed","sticky":false,"template":"","format":"standard","meta":{"_et_pb_use_builder":"","_et_pb_old_content":"","_et_gb_content_width":"","footnotes":""},"categories":[51],"tags":[],"class_list":["post-7549","post","type-post","status-publish","format-standard","has-post-thumbnail","hentry","category-educacao"],"_links":{"self":[{"href":"https:\/\/www.terenos.ms.gov.br\/index.php?rest_route=\/wp\/v2\/posts\/7549","targetHints":{"allow":["GET"]}}],"collection":[{"href":"https:\/\/www.terenos.ms.gov.br\/index.php?rest_route=\/wp\/v2\/posts"}],"about":[{"href":"https:\/\/www.terenos.ms.gov.br\/index.php?rest_route=\/wp\/v2\/types\/post"}],"author":[{"embeddable":true,"href":"https:\/\/www.terenos.ms.gov.br\/index.php?rest_route=\/wp\/v2\/users\/5"}],"replies":[{"embeddable":true,"href":"https:\/\/www.terenos.ms.gov.br\/index.php?rest_route=%2Fwp%2Fv2%2Fcomments&post=7549"}],"version-history":[{"count":5,"href":"https:\/\/www.terenos.ms.gov.br\/index.php?rest_route=\/wp\/v2\/posts\/7549\/revisions"}],"predecessor-version":[{"id":7555,"href":"https:\/\/www.terenos.ms.gov.br\/index.php?rest_route=\/wp\/v2\/posts\/7549\/revisions\/7555"}],"wp:featuredmedia":[{"embeddable":true,"href":"https:\/\/www.terenos.ms.gov.br\/index.php?rest_route=\/wp\/v2\/media\/7550"}],"wp:attachment":[{"href":"https:\/\/www.terenos.ms.gov.br\/index.php?rest_route=%2Fwp%2Fv2%2Fmedia&parent=7549"}],"wp:term":[{"taxonomy":"category","embeddable":true,"href":"https:\/\/www.terenos.ms.gov.br\/index.php?rest_route=%2Fwp%2Fv2%2Fcategories&post=7549"},{"taxonomy":"post_tag","embeddable":true,"href":"https:\/\/www.terenos.ms.gov.br\/index.php?rest_route=%2Fwp%2Fv2%2Ftags&post=7549"}],"curies":[{"name":"wp","href":"https:\/\/api.w.org\/{rel}","templated":true}]}}