{"id":7517,"date":"2025-03-10T12:15:12","date_gmt":"2025-03-10T16:15:12","guid":{"rendered":"https:\/\/www.terenos.ms.gov.br\/?p=7517"},"modified":"2025-03-10T12:15:22","modified_gmt":"2025-03-10T16:15:22","slug":"7517","status":"publish","type":"post","link":"https:\/\/www.terenos.ms.gov.br\/?p=7517","title":{"rendered":"Parceria para levar servi\u00e7os previdenci\u00e1rios \u00e0 zona rural"},"content":{"rendered":"<p style=\"text-align: justify;\" data-pm-slice=\"1 1 []\">A <strong>Prefeitura de Terenos\/MS<\/strong> e a <strong>Secretaria de Assist\u00eancia Social<\/strong> receberam representantes do <strong>INSS<\/strong> e da <strong>AGRAER<\/strong> no <strong>CRAS Extens\u00e3o Rural Santa M\u00f4nica<\/strong> para celebrar o lan\u00e7amento de um importante <strong>termo de coopera\u00e7\u00e3o t\u00e9cnica<\/strong> entre as institui\u00e7\u00f5es.<\/p>\n<p style=\"text-align: justify;\">O objetivo do acordo \u00e9 promover a\u00e7\u00f5es itinerantes (VAN) para presta\u00e7\u00e3o de servi\u00e7os previdenci\u00e1rios, orienta\u00e7\u00f5es e prepara\u00e7\u00e3o de requerimentos diretamente nas comunidades rurais, facilitando o acesso dos moradores, especialmente <strong>agricultores familiares, quilombolas e ind\u00edgenas<\/strong>.<\/p>\n<p style=\"text-align: justify;\">A equipe da <strong>AGRAER<\/strong> estar\u00e1 no <strong>CRAS Santa M\u00f4nica<\/strong> nos dias <strong>11, 12 e 13 de mar\u00e7o de 2025<\/strong>, oferecendo atendimento \u00e0 popula\u00e7\u00e3o rural.<\/p>\n<h3 style=\"text-align: justify;\">\u2705 Servi\u00e7os dispon\u00edveis:<\/h3>\n<ul style=\"text-align: justify;\" data-spread=\"true\">\n<li><strong>Requerimentos:<\/strong>\n<ul data-spread=\"false\">\n<li>Aposentadoria rural<\/li>\n<li>Sal\u00e1rio-maternidade<\/li>\n<li>Aux\u00edlio por incapacidade tempor\u00e1ria<\/li>\n<li>Benef\u00edcio de Presta\u00e7\u00e3o Continuada (BPC)<\/li>\n<li>Aux\u00edlio-reclus\u00e3o<\/li>\n<li>Pens\u00e3o por morte<\/li>\n<\/ul>\n<\/li>\n<li><strong>Emiss\u00e3o de documentos:<\/strong>\n<ul data-spread=\"false\">\n<li>CNIS<\/li>\n<li>Extrato de pagamento<\/li>\n<li>Extrato de empr\u00e9stimo<\/li>\n<li>Carta de concess\u00e3o de benef\u00edcios<\/li>\n<\/ul>\n<\/li>\n<\/ul>\n<p style=\"text-align: justify;\">Essa parceria fortalece o acesso aos direitos previdenci\u00e1rios e garante mais dignidade \u00e0s fam\u00edlias do campo. <strong>Contem conosco!<\/strong><\/p>\n<p>&nbsp;<\/p>\n<p>&nbsp;<\/p>\n","protected":false},"excerpt":{"rendered":"<p>A Prefeitura de Terenos\/MS e a Secretaria de Assist\u00eancia Social receberam representantes do INSS e da AGRAER no CRAS Extens\u00e3o Rural Santa M\u00f4nica para celebrar o lan\u00e7amento de um importante termo de coopera\u00e7\u00e3o t\u00e9cnica entre as institui\u00e7\u00f5es. O objetivo do acordo \u00e9 promover a\u00e7\u00f5es itinerantes (VAN) para presta\u00e7\u00e3o de servi\u00e7os previdenci\u00e1rios, orienta\u00e7\u00f5es e prepara\u00e7\u00e3o de [&hellip;]<\/p>\n","protected":false},"author":5,"featured_media":7518,"comment_status":"closed","ping_status":"closed","sticky":false,"template":"","format":"standard","meta":{"_et_pb_use_builder":"","_et_pb_old_content":"","_et_gb_content_width":"","footnotes":""},"categories":[49],"tags":[],"class_list":["post-7517","post","type-post","status-publish","format-standard","has-post-thumbnail","hentry","category-assistencia-social"],"_links":{"self":[{"href":"https:\/\/www.terenos.ms.gov.br\/index.php?rest_route=\/wp\/v2\/posts\/7517","targetHints":{"allow":["GET"]}}],"collection":[{"href":"https:\/\/www.terenos.ms.gov.br\/index.php?rest_route=\/wp\/v2\/posts"}],"about":[{"href":"https:\/\/www.terenos.ms.gov.br\/index.php?rest_route=\/wp\/v2\/types\/post"}],"author":[{"embeddable":true,"href":"https:\/\/www.terenos.ms.gov.br\/index.php?rest_route=\/wp\/v2\/users\/5"}],"replies":[{"embeddable":true,"href":"https:\/\/www.terenos.ms.gov.br\/index.php?rest_route=%2Fwp%2Fv2%2Fcomments&post=7517"}],"version-history":[{"count":2,"href":"https:\/\/www.terenos.ms.gov.br\/index.php?rest_route=\/wp\/v2\/posts\/7517\/revisions"}],"predecessor-version":[{"id":7520,"href":"https:\/\/www.terenos.ms.gov.br\/index.php?rest_route=\/wp\/v2\/posts\/7517\/revisions\/7520"}],"wp:featuredmedia":[{"embeddable":true,"href":"https:\/\/www.terenos.ms.gov.br\/index.php?rest_route=\/wp\/v2\/media\/7518"}],"wp:attachment":[{"href":"https:\/\/www.terenos.ms.gov.br\/index.php?rest_route=%2Fwp%2Fv2%2Fmedia&parent=7517"}],"wp:term":[{"taxonomy":"category","embeddable":true,"href":"https:\/\/www.terenos.ms.gov.br\/index.php?rest_route=%2Fwp%2Fv2%2Fcategories&post=7517"},{"taxonomy":"post_tag","embeddable":true,"href":"https:\/\/www.terenos.ms.gov.br\/index.php?rest_route=%2Fwp%2Fv2%2Ftags&post=7517"}],"curies":[{"name":"wp","href":"https:\/\/api.w.org\/{rel}","templated":true}]}}