{"id":7452,"date":"2025-02-17T17:41:10","date_gmt":"2025-02-17T21:41:10","guid":{"rendered":"https:\/\/www.terenos.ms.gov.br\/?p=7452"},"modified":"2025-02-18T12:08:18","modified_gmt":"2025-02-18T16:08:18","slug":"terenos-recebe-25-novos-professores-para-fortalecer-a-educacao-municipal","status":"publish","type":"post","link":"https:\/\/www.terenos.ms.gov.br\/?p=7452","title":{"rendered":"Terenos recebe 25 novos professores efetivos para fortalecer a educa\u00e7\u00e3o do munic\u00edpio"},"content":{"rendered":"<p style=\"text-align: justify;\">A rede municipal de ensino de Terenos foi refor\u00e7ada com a posse de 25 novos professores efetivos, que atuar\u00e3o do 1\u00ba ao 5\u00ba ano nas escolas da cidade. A cerim\u00f4nia de posse ocorreu nesta segunda-feira (17) e contou com a presen\u00e7a do prefeito Henrique Budke e da secret\u00e1ria de Educa\u00e7\u00e3o, Carla Diniz, que destacaram a import\u00e2ncia da contrata\u00e7\u00e3o desses profissionais para a melhoria da qualidade do ensino.<\/p>\n<p style=\"text-align: justify;\">Durante a solenidade, o prefeito Henrique Budke ressaltou o compromisso da gest\u00e3o municipal com a educa\u00e7\u00e3o e afirmou que a chegada dos novos docentes representa um avan\u00e7o significativo para a forma\u00e7\u00e3o dos alunos. \u201cNosso objetivo \u00e9 oferecer uma educa\u00e7\u00e3o p\u00fablica de qualidade, garantindo que cada aluno tenha acesso a um ensino digno e bem estruturado. Esses professores t\u00eam um papel fundamental nesse processo\u201d, declarou.<\/p>\n<p style=\"text-align: justify;\">A secret\u00e1ria de Educa\u00e7\u00e3o, Carla Diniz, tamb\u00e9m enfatizou a relev\u00e2ncia dos novos profissionais para suprir a demanda crescente por educadores qualificados. \u201cA educa\u00e7\u00e3o \u00e9 a base do desenvolvimento da nossa cidade. Com esses novos professores, estamos ampliando a capacidade das nossas escolas e proporcionando melhores condi\u00e7\u00f5es de aprendizagem para os estudantes\u201d, afirmou.<\/p>\n<p style=\"text-align: justify;\">Os novos docentes demonstraram entusiasmo com a oportunidade de contribuir para a forma\u00e7\u00e3o das crian\u00e7as de Terenos. Muitos destacaram a responsabilidade e o desafio de ensinar nas s\u00e9ries iniciais, um per\u00edodo crucial para o desenvolvimento acad\u00eamico dos alunos.<\/p>\n<p style=\"text-align: justify;\">A iniciativa faz parte de um conjunto de medidas adotadas pela administra\u00e7\u00e3o municipal para fortalecer a educa\u00e7\u00e3o no munic\u00edpio, garantindo n\u00e3o apenas a amplia\u00e7\u00e3o do quadro de professores, mas tamb\u00e9m investimentos em infraestrutura, forma\u00e7\u00e3o continuada e materiais pedag\u00f3gicos.<\/p>\n<p style=\"text-align: justify;\">Com essa nova equipe de professores, a expectativa \u00e9 que a qualidade do ensino nas escolas municipais de Terenos continue evoluindo, proporcionando um futuro promissor para as crian\u00e7as da cidade.<\/p>\n","protected":false},"excerpt":{"rendered":"<p>A rede municipal de ensino de Terenos foi refor\u00e7ada com a posse de 25 novos professores efetivos, que atuar\u00e3o do 1\u00ba ao 5\u00ba ano nas escolas da cidade. A cerim\u00f4nia de posse ocorreu nesta segunda-feira (17) e contou com a presen\u00e7a do prefeito Henrique Budke e da secret\u00e1ria de Educa\u00e7\u00e3o, Carla Diniz, que destacaram a [&hellip;]<\/p>\n","protected":false},"author":5,"featured_media":7453,"comment_status":"closed","ping_status":"closed","sticky":false,"template":"","format":"standard","meta":{"_et_pb_use_builder":"","_et_pb_old_content":"","_et_gb_content_width":"","footnotes":""},"categories":[51],"tags":[],"class_list":["post-7452","post","type-post","status-publish","format-standard","has-post-thumbnail","hentry","category-educacao"],"_links":{"self":[{"href":"https:\/\/www.terenos.ms.gov.br\/index.php?rest_route=\/wp\/v2\/posts\/7452","targetHints":{"allow":["GET"]}}],"collection":[{"href":"https:\/\/www.terenos.ms.gov.br\/index.php?rest_route=\/wp\/v2\/posts"}],"about":[{"href":"https:\/\/www.terenos.ms.gov.br\/index.php?rest_route=\/wp\/v2\/types\/post"}],"author":[{"embeddable":true,"href":"https:\/\/www.terenos.ms.gov.br\/index.php?rest_route=\/wp\/v2\/users\/5"}],"replies":[{"embeddable":true,"href":"https:\/\/www.terenos.ms.gov.br\/index.php?rest_route=%2Fwp%2Fv2%2Fcomments&post=7452"}],"version-history":[{"count":4,"href":"https:\/\/www.terenos.ms.gov.br\/index.php?rest_route=\/wp\/v2\/posts\/7452\/revisions"}],"predecessor-version":[{"id":7458,"href":"https:\/\/www.terenos.ms.gov.br\/index.php?rest_route=\/wp\/v2\/posts\/7452\/revisions\/7458"}],"wp:featuredmedia":[{"embeddable":true,"href":"https:\/\/www.terenos.ms.gov.br\/index.php?rest_route=\/wp\/v2\/media\/7453"}],"wp:attachment":[{"href":"https:\/\/www.terenos.ms.gov.br\/index.php?rest_route=%2Fwp%2Fv2%2Fmedia&parent=7452"}],"wp:term":[{"taxonomy":"category","embeddable":true,"href":"https:\/\/www.terenos.ms.gov.br\/index.php?rest_route=%2Fwp%2Fv2%2Fcategories&post=7452"},{"taxonomy":"post_tag","embeddable":true,"href":"https:\/\/www.terenos.ms.gov.br\/index.php?rest_route=%2Fwp%2Fv2%2Ftags&post=7452"}],"curies":[{"name":"wp","href":"https:\/\/api.w.org\/{rel}","templated":true}]}}