{"id":7406,"date":"2025-01-31T14:06:27","date_gmt":"2025-01-31T18:06:27","guid":{"rendered":"https:\/\/www.terenos.ms.gov.br\/?p=7406"},"modified":"2025-01-31T14:11:55","modified_gmt":"2025-01-31T18:11:55","slug":"projeto-carbono-neutro-agroflorestal-ms","status":"publish","type":"post","link":"https:\/\/www.terenos.ms.gov.br\/?p=7406","title":{"rendered":"Projeto Carbono Neutro Agroflorestal MS"},"content":{"rendered":"<p style=\"text-align: justify;\">A Secretaria de Desenvolvimento de Terenos realizou uma reuni\u00e3o com Airton Garcez, Gestor de Desenvolvimento Rural da Agraer, para discutir a implementa\u00e7\u00e3o do Projeto Carbono Neutro Agroflorestal MS no munic\u00edpio. Essa iniciativa inovadora visa promover o uso sustent\u00e1vel dos recursos naturais, como solo, vegeta\u00e7\u00e3o e \u00e1gua, integrando pr\u00e1ticas agroflorestais produtivas ao sequestro de carbono, contribuindo para a mitiga\u00e7\u00e3o das mudan\u00e7as clim\u00e1ticas.<\/p>\n<p style=\"text-align: justify;\">Al\u00e9m dos ganhos ambientais, essa a\u00e7\u00e3o proporciona oportunidades para os agricultores e produtores rurais, incentivando pr\u00e1ticas mais sustent\u00e1veis que podem gerar novos mercados e fontes de renda. A parceria entre a Prefeitura de Terenos e a Agraer refor\u00e7a a import\u00e2ncia do desenvolvimento sustent\u00e1vel e da ado\u00e7\u00e3o de modelos produtivos que respeitam e regeneram os ecossistemas locais.<\/p>\n<p style=\"text-align: justify;\">Com esse projeto, Terenos d\u00e1 um passo importante rumo a um futuro mais sustent\u00e1vel, demonstrando que \u00e9 poss\u00edvel produzir de maneira respons\u00e1vel, preservando os recursos naturais e promovendo o bem-estar da comunidade rural.<\/p>\n","protected":false},"excerpt":{"rendered":"<p>A Secretaria de Desenvolvimento de Terenos realizou uma reuni\u00e3o com Airton Garcez, Gestor de Desenvolvimento Rural da Agraer, para discutir a implementa\u00e7\u00e3o do Projeto Carbono Neutro Agroflorestal MS no munic\u00edpio. Essa iniciativa inovadora visa promover o uso sustent\u00e1vel dos recursos naturais, como solo, vegeta\u00e7\u00e3o e \u00e1gua, integrando pr\u00e1ticas agroflorestais produtivas ao sequestro de carbono, contribuindo [&hellip;]<\/p>\n","protected":false},"author":5,"featured_media":7409,"comment_status":"closed","ping_status":"closed","sticky":false,"template":"","format":"standard","meta":{"_et_pb_use_builder":"","_et_pb_old_content":"","_et_gb_content_width":"","footnotes":""},"categories":[52],"tags":[],"class_list":["post-7406","post","type-post","status-publish","format-standard","has-post-thumbnail","hentry","category-desenvolvimento-agrario"],"_links":{"self":[{"href":"https:\/\/www.terenos.ms.gov.br\/index.php?rest_route=\/wp\/v2\/posts\/7406","targetHints":{"allow":["GET"]}}],"collection":[{"href":"https:\/\/www.terenos.ms.gov.br\/index.php?rest_route=\/wp\/v2\/posts"}],"about":[{"href":"https:\/\/www.terenos.ms.gov.br\/index.php?rest_route=\/wp\/v2\/types\/post"}],"author":[{"embeddable":true,"href":"https:\/\/www.terenos.ms.gov.br\/index.php?rest_route=\/wp\/v2\/users\/5"}],"replies":[{"embeddable":true,"href":"https:\/\/www.terenos.ms.gov.br\/index.php?rest_route=%2Fwp%2Fv2%2Fcomments&post=7406"}],"version-history":[{"count":4,"href":"https:\/\/www.terenos.ms.gov.br\/index.php?rest_route=\/wp\/v2\/posts\/7406\/revisions"}],"predecessor-version":[{"id":7412,"href":"https:\/\/www.terenos.ms.gov.br\/index.php?rest_route=\/wp\/v2\/posts\/7406\/revisions\/7412"}],"wp:featuredmedia":[{"embeddable":true,"href":"https:\/\/www.terenos.ms.gov.br\/index.php?rest_route=\/wp\/v2\/media\/7409"}],"wp:attachment":[{"href":"https:\/\/www.terenos.ms.gov.br\/index.php?rest_route=%2Fwp%2Fv2%2Fmedia&parent=7406"}],"wp:term":[{"taxonomy":"category","embeddable":true,"href":"https:\/\/www.terenos.ms.gov.br\/index.php?rest_route=%2Fwp%2Fv2%2Fcategories&post=7406"},{"taxonomy":"post_tag","embeddable":true,"href":"https:\/\/www.terenos.ms.gov.br\/index.php?rest_route=%2Fwp%2Fv2%2Ftags&post=7406"}],"curies":[{"name":"wp","href":"https:\/\/api.w.org\/{rel}","templated":true}]}}