{"id":7383,"date":"2025-01-31T13:47:52","date_gmt":"2025-01-31T17:47:52","guid":{"rendered":"https:\/\/www.terenos.ms.gov.br\/?p=7383"},"modified":"2025-01-31T13:52:45","modified_gmt":"2025-01-31T17:52:45","slug":"audiencia-publica-de-prestacao-de-contas","status":"publish","type":"post","link":"https:\/\/www.terenos.ms.gov.br\/?p=7383","title":{"rendered":"Audi\u00eancia P\u00fablica de Presta\u00e7\u00e3o de Contas"},"content":{"rendered":"<p style=\"text-align: justify;\">Foi realizada na manh\u00e3 desta sexta-feira (31), por meio da <strong>Secretaria Municipal de Finan\u00e7as de Terenos-MS<\/strong>, a <strong>Audi\u00eancia P\u00fablica<\/strong> para apresenta\u00e7\u00e3o da <strong>Presta\u00e7\u00e3o de Contas<\/strong> referente ao <strong>Relat\u00f3rio de Gest\u00e3o Fiscal (RGF)<\/strong> do 2\u00ba semestre de 2024.<\/p>\n<p style=\"text-align: justify;\">O evento ocorreu no <strong>Centro Cultural Senador Ramez Tebet<\/strong> e teve como objetivo garantir a transpar\u00eancia na aplica\u00e7\u00e3o dos recursos p\u00fablicos, em conformidade com a <strong>Lei de Responsabilidade Fiscal (LC 101\/2000)<\/strong>.<\/p>\n<p style=\"text-align: justify;\">A participa\u00e7\u00e3o da comunidade \u00e9 essencial para o acompanhamento das a\u00e7\u00f5es da gest\u00e3o municipal.<\/p>\n<p>&nbsp;<\/p>\n\n\t\t<style type=\"text\/css\">\n\t\t\t#gallery-1 {\n\t\t\t\tmargin: auto;\n\t\t\t}\n\t\t\t#gallery-1 .gallery-item {\n\t\t\t\tfloat: left;\n\t\t\t\tmargin-top: 10px;\n\t\t\t\ttext-align: center;\n\t\t\t\twidth: 33%;\n\t\t\t}\n\t\t\t#gallery-1 img {\n\t\t\t\tborder: 2px solid #cfcfcf;\n\t\t\t}\n\t\t\t#gallery-1 .gallery-caption {\n\t\t\t\tmargin-left: 0;\n\t\t\t}\n\t\t\t\/* see gallery_shortcode() in wp-includes\/media.php *\/\n\t\t<\/style>\n\t\t<div id='gallery-1' class='gallery galleryid-7383 gallery-columns-3 gallery-size-medium'><dl class='gallery-item'>\n\t\t\t<dt class='gallery-icon landscape'>\n\t\t\t\t<a href='https:\/\/www.terenos.ms.gov.br\/?attachment_id=7402'><img decoding=\"async\" width=\"300\" height=\"169\" src=\"https:\/\/www.terenos.ms.gov.br\/wp-content\/uploads\/IMG_3324-1.jpg\" class=\"attachment-medium size-medium\" alt=\"\" \/><\/a>\n\t\t\t<\/dt><\/dl><dl class='gallery-item'>\n\t\t\t<dt class='gallery-icon landscape'>\n\t\t\t\t<a href='https:\/\/www.terenos.ms.gov.br\/?attachment_id=7403'><img decoding=\"async\" width=\"300\" height=\"169\" src=\"https:\/\/www.terenos.ms.gov.br\/wp-content\/uploads\/IMG_3318-1-1.jpg\" class=\"attachment-medium size-medium\" alt=\"\" \/><\/a>\n\t\t\t<\/dt><\/dl><dl class='gallery-item'>\n\t\t\t<dt class='gallery-icon landscape'>\n\t\t\t\t<a href='https:\/\/www.terenos.ms.gov.br\/?attachment_id=7404'><img decoding=\"async\" width=\"300\" height=\"169\" src=\"https:\/\/www.terenos.ms.gov.br\/wp-content\/uploads\/IMG_3317-2.jpg\" class=\"attachment-medium size-medium\" alt=\"\" \/><\/a>\n\t\t\t<\/dt><\/dl><br style=\"clear: both\" \/>\n\t\t<\/div>\n\n<p>&nbsp;<\/p>\n<p>slide dispon\u00edvel<\/p>\n<p><a href=\"http:\/\/www.terenos.ms.gov.br\/wp-content\/uploads\/Slide-RGF-2-semestre-terenos-2.pdf\">Slide RGF 2 semestre terenos<\/a><\/p>\n<p>&nbsp;<\/p>\n","protected":false},"excerpt":{"rendered":"<p>Foi realizada na manh\u00e3 desta sexta-feira (31), por meio da Secretaria Municipal de Finan\u00e7as de Terenos-MS, a Audi\u00eancia P\u00fablica para apresenta\u00e7\u00e3o da Presta\u00e7\u00e3o de Contas referente ao Relat\u00f3rio de Gest\u00e3o Fiscal (RGF) do 2\u00ba semestre de 2024. O evento ocorreu no Centro Cultural Senador Ramez Tebet e teve como objetivo garantir a transpar\u00eancia na aplica\u00e7\u00e3o [&hellip;]<\/p>\n","protected":false},"author":5,"featured_media":7396,"comment_status":"closed","ping_status":"closed","sticky":false,"template":"","format":"standard","meta":{"_et_pb_use_builder":"","_et_pb_old_content":"","_et_gb_content_width":"","footnotes":""},"categories":[1],"tags":[],"class_list":["post-7383","post","type-post","status-publish","format-standard","has-post-thumbnail","hentry","category-sem-categoria"],"_links":{"self":[{"href":"https:\/\/www.terenos.ms.gov.br\/index.php?rest_route=\/wp\/v2\/posts\/7383","targetHints":{"allow":["GET"]}}],"collection":[{"href":"https:\/\/www.terenos.ms.gov.br\/index.php?rest_route=\/wp\/v2\/posts"}],"about":[{"href":"https:\/\/www.terenos.ms.gov.br\/index.php?rest_route=\/wp\/v2\/types\/post"}],"author":[{"embeddable":true,"href":"https:\/\/www.terenos.ms.gov.br\/index.php?rest_route=\/wp\/v2\/users\/5"}],"replies":[{"embeddable":true,"href":"https:\/\/www.terenos.ms.gov.br\/index.php?rest_route=%2Fwp%2Fv2%2Fcomments&post=7383"}],"version-history":[{"count":3,"href":"https:\/\/www.terenos.ms.gov.br\/index.php?rest_route=\/wp\/v2\/posts\/7383\/revisions"}],"predecessor-version":[{"id":7405,"href":"https:\/\/www.terenos.ms.gov.br\/index.php?rest_route=\/wp\/v2\/posts\/7383\/revisions\/7405"}],"wp:featuredmedia":[{"embeddable":true,"href":"https:\/\/www.terenos.ms.gov.br\/index.php?rest_route=\/wp\/v2\/media\/7396"}],"wp:attachment":[{"href":"https:\/\/www.terenos.ms.gov.br\/index.php?rest_route=%2Fwp%2Fv2%2Fmedia&parent=7383"}],"wp:term":[{"taxonomy":"category","embeddable":true,"href":"https:\/\/www.terenos.ms.gov.br\/index.php?rest_route=%2Fwp%2Fv2%2Fcategories&post=7383"},{"taxonomy":"post_tag","embeddable":true,"href":"https:\/\/www.terenos.ms.gov.br\/index.php?rest_route=%2Fwp%2Fv2%2Ftags&post=7383"}],"curies":[{"name":"wp","href":"https:\/\/api.w.org\/{rel}","templated":true}]}}