{"id":7370,"date":"2025-01-30T15:36:57","date_gmt":"2025-01-30T19:36:57","guid":{"rendered":"https:\/\/www.terenos.ms.gov.br\/?p=7370"},"modified":"2025-01-31T10:08:23","modified_gmt":"2025-01-31T14:08:23","slug":"7370","status":"publish","type":"post","link":"https:\/\/www.terenos.ms.gov.br\/?p=7370","title":{"rendered":"Janeiro Branco: Bem-Estar e Sa\u00fade Mental para Servidores de Terenos"},"content":{"rendered":"<p style=\"text-align: justify;\">Na manh\u00e3 desta quinta-feira (30), para encerrar o m\u00eas de janeiro, a Prefeitura de Terenos organizou um momento especial de acolhimento para os servidores, em alus\u00e3o \u00e0 campanha Janeiro Branco. A psic\u00f3loga dos servidores, Lilian Tomioka, destacou a import\u00e2ncia da iniciativa:<\/p>\n<blockquote>\n<p style=\"text-align: justify;\"><strong> &#8220;O Janeiro Branco \u00e9 uma campanha nacional que visa \u00e0 conscientiza\u00e7\u00e3o sobre a sa\u00fade mental e emocional. \u00c9 fundamental entendermos que nosso bem-estar est\u00e1 em nossas m\u00e3os. Aprendemos a cuidar do outro, mas, antes de sermos filhos, m\u00e3es, pais ou trabalhadores, somos seres humanos. Precisamos nos permitir esse movimento de olhar para n\u00f3s mesmos, ouvir nosso cora\u00e7\u00e3o, acolher nossos sentimentos e respirar.&#8221;<\/strong><\/p>\n<\/blockquote>\n<p style=\"text-align: justify;\">A diretora da Aten\u00e7\u00e3o Prim\u00e1ria, P\u00e2mella Ramos, compartilhou sua experi\u00eancia para inspirar os presentes:<\/p>\n<blockquote>\n<p style=\"text-align: justify;\"><strong>&#8220;Por muito tempo, eu me perguntava: &#8216;Quem sou eu? Em que momento me perdi?&#8217;. Isso acontecia porque eu vivia sob as expectativas dos outros. Chegou um momento em que precisei buscar ajuda profissional para me reencontrar. Hoje, vivo a P\u00e2mella que sou, dentro das expectativas que eu mesma crio, fazendo o que realmente gosto.&#8221; <\/strong><\/p>\n<\/blockquote>\n<p style=\"text-align: justify;\">Eliane Arruda, agente de sa\u00fade e instrutora das Pr\u00e1ticas Integrativas e Complementares em Sa\u00fade (PICS), refor\u00e7ou a import\u00e2ncia do autocuidado:<\/p>\n<blockquote>\n<p style=\"text-align: justify;\"><strong> &#8220;A sa\u00fade mental e o autocuidado caminham juntos. Quando estou bem comigo mesma, consigo estar bem com quem est\u00e1 ao meu redor. Muitas vezes, achamos que autocuidado significa grandes mudan\u00e7as, mas, na verdade, s\u00e3o pequenos h\u00e1bitos di\u00e1rios que tornam nossa rotina melhor.&#8221; <\/strong><\/p>\n<\/blockquote>\n<p><a href=\"http:\/\/www.terenos.ms.gov.br\/wp-content\/uploads\/IMG_3161.jpeg\"><img decoding=\"async\" class=\"alignnone size-full wp-image-7371\" src=\"http:\/\/www.terenos.ms.gov.br\/wp-content\/uploads\/IMG_3161.jpeg\" alt=\"\" width=\"4032\" height=\"2268\" \/><\/a><\/p>\n<p style=\"text-align: justify;\">No munic\u00edpio, os servidores contam com o suporte de uma psic\u00f3loga dedicada exclusivamente a eles, al\u00e9m da oferta de pr\u00e1ticas integrativas, como auriculoterapia, Laya Yoga, escalda-p\u00e9s, automassagem e atendimento psicol\u00f3gico.<\/p>\n<p><a href=\"http:\/\/www.terenos.ms.gov.br\/wp-content\/uploads\/IMG_7117.jpeg\"><img decoding=\"async\" class=\"alignnone size-full wp-image-7375\" src=\"http:\/\/www.terenos.ms.gov.br\/wp-content\/uploads\/IMG_7117.jpeg\" alt=\"\" width=\"1124\" height=\"620\" \/><\/a><\/p>\n<p>Terenos marcou presen\u00e7a no 1\u00ba NuPICS da regi\u00e3o norte do Mato Grosso do Sul, realizado em Coxim. Durante o evento, o munic\u00edpio foi reconhecido pelo trabalho desenvolvido nas PICS, consolidando-se como refer\u00eancia na \u00e1rea.<\/p>\n<p style=\"text-align: justify;\">Um dos destaques foi o projeto &#8220;Cuidando de Quem Cuida&#8221;, voltado ao bem-estar dos servidores que atuam em benef\u00edcio da comunidade. A iniciativa busca valorizar esses profissionais, oferecendo terapias integrativas, acolhimento e suporte emocional para melhorar sua qualidade de vida.<\/p>\n<p><a href=\"http:\/\/www.terenos.ms.gov.br\/wp-content\/uploads\/2cdd11e7-3462-4eec-a760-3414b83f1f9c.jpeg\"><img decoding=\"async\" class=\"alignnone size-full wp-image-7376\" src=\"http:\/\/www.terenos.ms.gov.br\/wp-content\/uploads\/2cdd11e7-3462-4eec-a760-3414b83f1f9c.jpeg\" alt=\"\" width=\"960\" height=\"1280\" \/><\/a><\/p>\n<p>&nbsp;<\/p>\n","protected":false},"excerpt":{"rendered":"<p>Na manh\u00e3 desta quinta-feira (30), para encerrar o m\u00eas de janeiro, a Prefeitura de Terenos organizou um momento especial de acolhimento para os servidores, em alus\u00e3o \u00e0 campanha Janeiro Branco. A psic\u00f3loga dos servidores, Lilian Tomioka, destacou a import\u00e2ncia da iniciativa: &#8220;O Janeiro Branco \u00e9 uma campanha nacional que visa \u00e0 conscientiza\u00e7\u00e3o sobre a sa\u00fade [&hellip;]<\/p>\n","protected":false},"author":5,"featured_media":7374,"comment_status":"closed","ping_status":"closed","sticky":false,"template":"","format":"standard","meta":{"_et_pb_use_builder":"","_et_pb_old_content":"","_et_gb_content_width":"","footnotes":""},"categories":[14],"tags":[],"class_list":["post-7370","post","type-post","status-publish","format-standard","has-post-thumbnail","hentry","category-saude"],"_links":{"self":[{"href":"https:\/\/www.terenos.ms.gov.br\/index.php?rest_route=\/wp\/v2\/posts\/7370","targetHints":{"allow":["GET"]}}],"collection":[{"href":"https:\/\/www.terenos.ms.gov.br\/index.php?rest_route=\/wp\/v2\/posts"}],"about":[{"href":"https:\/\/www.terenos.ms.gov.br\/index.php?rest_route=\/wp\/v2\/types\/post"}],"author":[{"embeddable":true,"href":"https:\/\/www.terenos.ms.gov.br\/index.php?rest_route=\/wp\/v2\/users\/5"}],"replies":[{"embeddable":true,"href":"https:\/\/www.terenos.ms.gov.br\/index.php?rest_route=%2Fwp%2Fv2%2Fcomments&post=7370"}],"version-history":[{"count":3,"href":"https:\/\/www.terenos.ms.gov.br\/index.php?rest_route=\/wp\/v2\/posts\/7370\/revisions"}],"predecessor-version":[{"id":7379,"href":"https:\/\/www.terenos.ms.gov.br\/index.php?rest_route=\/wp\/v2\/posts\/7370\/revisions\/7379"}],"wp:featuredmedia":[{"embeddable":true,"href":"https:\/\/www.terenos.ms.gov.br\/index.php?rest_route=\/wp\/v2\/media\/7374"}],"wp:attachment":[{"href":"https:\/\/www.terenos.ms.gov.br\/index.php?rest_route=%2Fwp%2Fv2%2Fmedia&parent=7370"}],"wp:term":[{"taxonomy":"category","embeddable":true,"href":"https:\/\/www.terenos.ms.gov.br\/index.php?rest_route=%2Fwp%2Fv2%2Fcategories&post=7370"},{"taxonomy":"post_tag","embeddable":true,"href":"https:\/\/www.terenos.ms.gov.br\/index.php?rest_route=%2Fwp%2Fv2%2Ftags&post=7370"}],"curies":[{"name":"wp","href":"https:\/\/api.w.org\/{rel}","templated":true}]}}