{"id":7324,"date":"2025-01-16T15:57:36","date_gmt":"2025-01-16T19:57:36","guid":{"rendered":"https:\/\/www.terenos.ms.gov.br\/?p=7324"},"modified":"2025-01-16T15:58:25","modified_gmt":"2025-01-16T19:58:25","slug":"tbt-com-algumas-conquistas-dos-nossos-alunos-e-do-municipio-de-terenos","status":"publish","type":"post","link":"https:\/\/www.terenos.ms.gov.br\/?p=7324","title":{"rendered":"Relembrando algumas conquistas dos nossos alunos e do munic\u00edpio de Terenos!"},"content":{"rendered":"<p style=\"text-align: justify;\">1\ufe0f\u20e3 <strong>Premia\u00e7\u00e3o no FETRAN<\/strong><br \/>\nA equipe da PRF, organizadora do FETRAN, premiou o aluno <strong>Rodrigo Aparecido<\/strong> com uma bicicleta e um trof\u00e9u pela sua atua\u00e7\u00e3o como melhor ator na pe\u00e7a teatral <strong>&#8220;Os Cumpadis da Jamic e o Tr\u00e2nsito&#8221;<\/strong>, vencedora na categoria Infantojuvenil da 11\u00aa edi\u00e7\u00e3o do FETRAN a n\u00edvel estadual.<\/p>\n<p style=\"text-align: justify;\">2\ufe0f\u20e3 <strong>Pr\u00eamio Nestl\u00e9 Por Crian\u00e7as Mais Saud\u00e1veis<\/strong><br \/>\nA Escola Municipal \u00c1lvaro Lopes se destacou entre finalistas de todo o Brasil com o projeto <strong>&#8220;Se Mexer Faz Bem&#8221;<\/strong>, idealizado pela gestora e professora <strong>Neia Rolim<\/strong>. O projeto promove a cria\u00e7\u00e3o de um espa\u00e7o de conviv\u00eancia onde os alunos podem praticar dan\u00e7as, lutas, teatro e jogos durante as aulas de Educa\u00e7\u00e3o F\u00edsica, incentivando a intera\u00e7\u00e3o em um ambiente especialmente planejado.<\/p>\n<p style=\"text-align: justify;\">3\ufe0f\u20e3 <strong>Concurso Agrinho &#8211; Reda\u00e7\u00e3o<\/strong><br \/>\nA Escola Municipal Professora Vilma F\u00e1tima de Assis Barreto, localizada no Assentamento Sete de Setembro, conquistou o <strong>1\u00ba lugar<\/strong> na categoria de Reda\u00e7\u00e3o &#8211; g\u00eanero Reportagem.<br \/>\nA aluna <strong>Thaeme Kauany<\/strong>, do 9\u00ba ano, orientada pela professora <strong>Naila Maria<\/strong>, destacou-se com um texto sobre \u201cPr\u00e1ticas agropecu\u00e1rias que garantem alimentos saud\u00e1veis.\u201d Ela abordou atividades como o manejo da horta escolar e o reaproveitamento de hortali\u00e7as fora do padr\u00e3o pela associa\u00e7\u00e3o de mulheres da comunidade. Thaeme foi premiada com um celular.<\/p>\n<p style=\"text-align: justify;\">4\ufe0f\u20e3 <strong>Conquista no Programa Agrinho<\/strong><br \/>\nO munic\u00edpio de Terenos alcan\u00e7ou o <strong>2\u00ba lugar<\/strong> no Programa Agrinho com o projeto <strong>&#8220;Semeando Educa\u00e7\u00e3o, Colhendo Cidadania&#8221;<\/strong>, desenvolvido pela Escola Municipal Jamic, envolvendo estudantes do 1\u00ba ao 9\u00ba ano.<br \/>\nO projeto trouxe solu\u00e7\u00f5es sustent\u00e1veis, como a compostagem, para promover conscientiza\u00e7\u00e3o ambiental. Os alunos constru\u00edram uma composteira, demonstrando como transformar res\u00edduos org\u00e2nicos em adubo.<br \/>\nNa categoria Reportagem, a aluna <strong>Milena Trindade da Costa<\/strong>, do 9\u00ba ano, foi premiada, representando a dedica\u00e7\u00e3o de toda a escola.<\/p>\n<p style=\"text-align: justify;\">5\ufe0f\u20e3 <strong>Selo Ouro de Compromisso com a Alfabetiza\u00e7\u00e3o 2024<\/strong><br \/>\nA Prefeitura Municipal de Terenos, por meio da Secretaria de Educa\u00e7\u00e3o, foi reconhecida com o <strong>Selo Ouro<\/strong> pelo Minist\u00e9rio da Educa\u00e7\u00e3o (MEC). Com uma pontua\u00e7\u00e3o de <strong>95 pontos<\/strong>, o munic\u00edpio destacou-se pela excel\u00eancia nas a\u00e7\u00f5es voltadas para a alfabetiza\u00e7\u00e3o.<br \/>\nA entrega do selo ser\u00e1 realizada em Bras\u00edlia, celebrando as pr\u00e1ticas que fortalecem a educa\u00e7\u00e3o b\u00e1sica e reafirmando o compromisso de Terenos em garantir uma educa\u00e7\u00e3o de qualidade e transformar a sociedade.<\/p>\n<p style=\"text-align: justify;\"><strong>Parab\u00e9ns aos alunos, professores, gestores e toda a equipe escolar por essas conquistas que enchem nosso munic\u00edpio de orgulho!<\/strong> \ud83c\udf1f<\/p>\n\n\t\t<style type=\"text\/css\">\n\t\t\t#gallery-1 {\n\t\t\t\tmargin: auto;\n\t\t\t}\n\t\t\t#gallery-1 .gallery-item {\n\t\t\t\tfloat: left;\n\t\t\t\tmargin-top: 10px;\n\t\t\t\ttext-align: center;\n\t\t\t\twidth: 50%;\n\t\t\t}\n\t\t\t#gallery-1 img {\n\t\t\t\tborder: 2px solid #cfcfcf;\n\t\t\t}\n\t\t\t#gallery-1 .gallery-caption {\n\t\t\t\tmargin-left: 0;\n\t\t\t}\n\t\t\t\/* see gallery_shortcode() in wp-includes\/media.php *\/\n\t\t<\/style>\n\t\t<div id='gallery-1' class='gallery galleryid-7324 gallery-columns-2 gallery-size-medium'><dl class='gallery-item'>\n\t\t\t<dt class='gallery-icon landscape'>\n\t\t\t\t<a href='https:\/\/www.terenos.ms.gov.br\/?attachment_id=7328'><img decoding=\"async\" width=\"300\" height=\"169\" src=\"https:\/\/www.terenos.ms.gov.br\/wp-content\/uploads\/474020365_18334261045159517_9016413710267175501_n.jpg\" class=\"attachment-medium size-medium\" alt=\"\" \/><\/a>\n\t\t\t<\/dt><\/dl><dl class='gallery-item'>\n\t\t\t<dt class='gallery-icon landscape'>\n\t\t\t\t<a href='https:\/\/www.terenos.ms.gov.br\/?attachment_id=7331'><img decoding=\"async\" width=\"300\" height=\"169\" src=\"https:\/\/www.terenos.ms.gov.br\/wp-content\/uploads\/473978284_18334261036159517_6313263616103236299_n.jpg\" class=\"attachment-medium size-medium\" alt=\"\" \/><\/a>\n\t\t\t<\/dt><\/dl><br style=\"clear: both\" \/><dl class='gallery-item'>\n\t\t\t<dt class='gallery-icon landscape'>\n\t\t\t\t<a href='https:\/\/www.terenos.ms.gov.br\/?attachment_id=7333'><img decoding=\"async\" width=\"300\" height=\"169\" src=\"https:\/\/www.terenos.ms.gov.br\/wp-content\/uploads\/473944310_18334261057159517_6185009719169545876_n.jpg\" class=\"attachment-medium size-medium\" alt=\"\" \/><\/a>\n\t\t\t<\/dt><\/dl><dl class='gallery-item'>\n\t\t\t<dt class='gallery-icon landscape'>\n\t\t\t\t<a href='https:\/\/www.terenos.ms.gov.br\/?attachment_id=7330'><img decoding=\"async\" width=\"300\" height=\"169\" src=\"https:\/\/www.terenos.ms.gov.br\/wp-content\/uploads\/473994441_18334261054159517_855230878503831690_n.jpg\" class=\"attachment-medium size-medium\" alt=\"\" \/><\/a>\n\t\t\t<\/dt><\/dl><br style=\"clear: both\" \/><dl class='gallery-item'>\n\t\t\t<dt class='gallery-icon landscape'>\n\t\t\t\t<a href='https:\/\/www.terenos.ms.gov.br\/?attachment_id=7329'><img decoding=\"async\" width=\"300\" height=\"169\" src=\"https:\/\/www.terenos.ms.gov.br\/wp-content\/uploads\/470899855_18334261066159517_4828096239730345945_n.jpg\" class=\"attachment-medium size-medium\" alt=\"\" \/><\/a>\n\t\t\t<\/dt><\/dl>\n\t\t\t<br style='clear: both' \/>\n\t\t<\/div>\n\n","protected":false},"excerpt":{"rendered":"<p>1\ufe0f\u20e3 Premia\u00e7\u00e3o no FETRAN A equipe da PRF, organizadora do FETRAN, premiou o aluno Rodrigo Aparecido com uma bicicleta e um trof\u00e9u pela sua atua\u00e7\u00e3o como melhor ator na pe\u00e7a teatral &#8220;Os Cumpadis da Jamic e o Tr\u00e2nsito&#8221;, vencedora na categoria Infantojuvenil da 11\u00aa edi\u00e7\u00e3o do FETRAN a n\u00edvel estadual. 2\ufe0f\u20e3 Pr\u00eamio Nestl\u00e9 Por Crian\u00e7as [&hellip;]<\/p>\n","protected":false},"author":5,"featured_media":7326,"comment_status":"closed","ping_status":"closed","sticky":false,"template":"","format":"standard","meta":{"_et_pb_use_builder":"","_et_pb_old_content":"","_et_gb_content_width":"","footnotes":""},"categories":[51],"tags":[],"class_list":["post-7324","post","type-post","status-publish","format-standard","has-post-thumbnail","hentry","category-educacao"],"_links":{"self":[{"href":"https:\/\/www.terenos.ms.gov.br\/index.php?rest_route=\/wp\/v2\/posts\/7324","targetHints":{"allow":["GET"]}}],"collection":[{"href":"https:\/\/www.terenos.ms.gov.br\/index.php?rest_route=\/wp\/v2\/posts"}],"about":[{"href":"https:\/\/www.terenos.ms.gov.br\/index.php?rest_route=\/wp\/v2\/types\/post"}],"author":[{"embeddable":true,"href":"https:\/\/www.terenos.ms.gov.br\/index.php?rest_route=\/wp\/v2\/users\/5"}],"replies":[{"embeddable":true,"href":"https:\/\/www.terenos.ms.gov.br\/index.php?rest_route=%2Fwp%2Fv2%2Fcomments&post=7324"}],"version-history":[{"count":2,"href":"https:\/\/www.terenos.ms.gov.br\/index.php?rest_route=\/wp\/v2\/posts\/7324\/revisions"}],"predecessor-version":[{"id":7335,"href":"https:\/\/www.terenos.ms.gov.br\/index.php?rest_route=\/wp\/v2\/posts\/7324\/revisions\/7335"}],"wp:featuredmedia":[{"embeddable":true,"href":"https:\/\/www.terenos.ms.gov.br\/index.php?rest_route=\/wp\/v2\/media\/7326"}],"wp:attachment":[{"href":"https:\/\/www.terenos.ms.gov.br\/index.php?rest_route=%2Fwp%2Fv2%2Fmedia&parent=7324"}],"wp:term":[{"taxonomy":"category","embeddable":true,"href":"https:\/\/www.terenos.ms.gov.br\/index.php?rest_route=%2Fwp%2Fv2%2Fcategories&post=7324"},{"taxonomy":"post_tag","embeddable":true,"href":"https:\/\/www.terenos.ms.gov.br\/index.php?rest_route=%2Fwp%2Fv2%2Ftags&post=7324"}],"curies":[{"name":"wp","href":"https:\/\/api.w.org\/{rel}","templated":true}]}}