{"id":7240,"date":"2024-12-04T13:27:11","date_gmt":"2024-12-04T17:27:11","guid":{"rendered":"https:\/\/www.terenos.ms.gov.br\/?p=7240"},"modified":"2024-12-04T13:27:11","modified_gmt":"2024-12-04T17:27:11","slug":"formatura-proerd","status":"publish","type":"post","link":"https:\/\/www.terenos.ms.gov.br\/?p=7240","title":{"rendered":"FORMATURA PROERD"},"content":{"rendered":"<p style=\"text-align: justify;\">Na manh\u00e3 desta quarta-feira (4), foi realizada a formatura do Programa Educacional de Resist\u00eancia \u00e0s Drogas e \u00e0 Viol\u00eancia (PROERD) para os alunos do 5\u00ba ano das escolas Jamic e Vilma. O PROERD \u00e9 uma importante iniciativa que re\u00fane esfor\u00e7os da Pol\u00edcia Militar, das escolas e das fam\u00edlias para fortalecer a forma\u00e7\u00e3o cidad\u00e3 das crian\u00e7as e adolescentes.<\/p>\n<p style=\"text-align: justify;\">O programa busca capacitar os jovens com informa\u00e7\u00f5es e habilidades que os ajudem a viver de forma saud\u00e1vel, com escolhas conscientes e longe das drogas e da viol\u00eancia. Por meio de atividades educativas, palestras e orienta\u00e7\u00f5es pr\u00e1ticas, o PROERD trabalha diretamente na preven\u00e7\u00e3o, promovendo valores como respeito, responsabilidade e autoestima.<\/p>\n<p style=\"text-align: justify;\">O evento foi marcado por momentos de emo\u00e7\u00e3o e celebra\u00e7\u00e3o, reunindo estudantes, professores, pais e autoridades locais. Al\u00e9m das atividades formativas, a cerim\u00f4nia destacou a import\u00e2ncia da uni\u00e3o entre a escola e a comunidade na constru\u00e7\u00e3o de uma sociedade mais segura e solid\u00e1ria.<\/p>\n<p style=\"text-align: justify;\">As comemora\u00e7\u00f5es do PROERD ainda continuam, com formaturas previstas para as escolas Salustiano da Motta e \u00c1lvaro Lopes. Esses eventos refor\u00e7am o compromisso com a educa\u00e7\u00e3o e a preven\u00e7\u00e3o, contribuindo para o desenvolvimento integral dos jovens de nossa cidade.<\/p>\n","protected":false},"excerpt":{"rendered":"<p>Na manh\u00e3 desta quarta-feira (4), foi realizada a formatura do Programa Educacional de Resist\u00eancia \u00e0s Drogas e \u00e0 Viol\u00eancia (PROERD) para os alunos do 5\u00ba ano das escolas Jamic e Vilma. O PROERD \u00e9 uma importante iniciativa que re\u00fane esfor\u00e7os da Pol\u00edcia Militar, das escolas e das fam\u00edlias para fortalecer a forma\u00e7\u00e3o cidad\u00e3 das crian\u00e7as [&hellip;]<\/p>\n","protected":false},"author":5,"featured_media":7241,"comment_status":"closed","ping_status":"closed","sticky":false,"template":"","format":"standard","meta":{"_et_pb_use_builder":"","_et_pb_old_content":"","_et_gb_content_width":"","footnotes":""},"categories":[51],"tags":[],"class_list":["post-7240","post","type-post","status-publish","format-standard","has-post-thumbnail","hentry","category-educacao"],"_links":{"self":[{"href":"https:\/\/www.terenos.ms.gov.br\/index.php?rest_route=\/wp\/v2\/posts\/7240","targetHints":{"allow":["GET"]}}],"collection":[{"href":"https:\/\/www.terenos.ms.gov.br\/index.php?rest_route=\/wp\/v2\/posts"}],"about":[{"href":"https:\/\/www.terenos.ms.gov.br\/index.php?rest_route=\/wp\/v2\/types\/post"}],"author":[{"embeddable":true,"href":"https:\/\/www.terenos.ms.gov.br\/index.php?rest_route=\/wp\/v2\/users\/5"}],"replies":[{"embeddable":true,"href":"https:\/\/www.terenos.ms.gov.br\/index.php?rest_route=%2Fwp%2Fv2%2Fcomments&post=7240"}],"version-history":[{"count":1,"href":"https:\/\/www.terenos.ms.gov.br\/index.php?rest_route=\/wp\/v2\/posts\/7240\/revisions"}],"predecessor-version":[{"id":7242,"href":"https:\/\/www.terenos.ms.gov.br\/index.php?rest_route=\/wp\/v2\/posts\/7240\/revisions\/7242"}],"wp:featuredmedia":[{"embeddable":true,"href":"https:\/\/www.terenos.ms.gov.br\/index.php?rest_route=\/wp\/v2\/media\/7241"}],"wp:attachment":[{"href":"https:\/\/www.terenos.ms.gov.br\/index.php?rest_route=%2Fwp%2Fv2%2Fmedia&parent=7240"}],"wp:term":[{"taxonomy":"category","embeddable":true,"href":"https:\/\/www.terenos.ms.gov.br\/index.php?rest_route=%2Fwp%2Fv2%2Fcategories&post=7240"},{"taxonomy":"post_tag","embeddable":true,"href":"https:\/\/www.terenos.ms.gov.br\/index.php?rest_route=%2Fwp%2Fv2%2Ftags&post=7240"}],"curies":[{"name":"wp","href":"https:\/\/api.w.org\/{rel}","templated":true}]}}