{"id":6494,"date":"2024-06-17T12:31:14","date_gmt":"2024-06-17T16:31:14","guid":{"rendered":"https:\/\/www.terenos.ms.gov.br\/?p=6494"},"modified":"2024-06-17T12:31:39","modified_gmt":"2024-06-17T16:31:39","slug":"semana-do-meio-ambiente-plantio-de-mudas-e-palestra","status":"publish","type":"post","link":"https:\/\/www.terenos.ms.gov.br\/?p=6494","title":{"rendered":"Semana do Meio Ambiente: Plantio de Mudas e Palestra"},"content":{"rendered":"<div class=\"flex flex-grow flex-col max-w-full\">\n<div class=\"min-h-[20px] text-message flex flex-col items-start whitespace-pre-wrap break-words [.text-message+&amp;]:mt-5 juice:w-full juice:items-end overflow-x-auto gap-2\" dir=\"auto\" data-message-author-role=\"assistant\" data-message-id=\"9233e1f9-4c93-4e6e-9b48-bc6419eb69b4\">\n<div class=\"flex w-full flex-col gap-1 juice:empty:hidden juice:first:pt-[3px]\">\n<div class=\"markdown prose w-full break-words dark:prose-invert light\">\n<p style=\"text-align: justify;\">Durante a Semana do Meio Ambiente, a Secretaria de Desenvolvimento, em colabora\u00e7\u00e3o com a Morhena, est\u00e1 promovendo uma s\u00e9rie de atividades voltadas para a conscientiza\u00e7\u00e3o ambiental. Entre as iniciativas, destacam-se as palestras educativas que abordam a import\u00e2ncia da separa\u00e7\u00e3o adequada do lixo, visando a promover pr\u00e1ticas sustent\u00e1veis entre a popula\u00e7\u00e3o.<\/p>\n<p style=\"text-align: justify;\">As palestras s\u00e3o ministradas por especialistas na \u00e1rea de meio ambiente e buscam sensibilizar os cidad\u00e3os sobre os impactos negativos do descarte inadequado de res\u00edduos e os benef\u00edcios da reciclagem e da compostagem.<\/p>\n<p style=\"text-align: justify;\">Paralelamente \u00e0s palestras, est\u00e1 sendo realizado o plantio de mudas em diversos pontos da cidade e em escolas locais. Essa iniciativa visa n\u00e3o apenas a aumentar a cobertura verde urbana, mas tamb\u00e9m a envolver a comunidade escolar no cuidado com o meio ambiente. Alunos, professores est\u00e3o sendo incentivados a participar ativamente do plantio, promovendo assim um senso de responsabilidade coletiva e de pertencimento.<\/p>\n<p style=\"text-align: justify;\">Com essas a\u00e7\u00f5es, a Semana do Meio Ambiente busca fortalecer a consci\u00eancia ecol\u00f3gica e estimular pr\u00e1ticas que contribuam para a sustentabilidade e a preserva\u00e7\u00e3o do nosso planeta.<\/p>\n<\/div>\n\n\t\t<style type=\"text\/css\">\n\t\t\t#gallery-1 {\n\t\t\t\tmargin: auto;\n\t\t\t}\n\t\t\t#gallery-1 .gallery-item {\n\t\t\t\tfloat: left;\n\t\t\t\tmargin-top: 10px;\n\t\t\t\ttext-align: center;\n\t\t\t\twidth: 33%;\n\t\t\t}\n\t\t\t#gallery-1 img {\n\t\t\t\tborder: 2px solid #cfcfcf;\n\t\t\t}\n\t\t\t#gallery-1 .gallery-caption {\n\t\t\t\tmargin-left: 0;\n\t\t\t}\n\t\t\t\/* see gallery_shortcode() in wp-includes\/media.php *\/\n\t\t<\/style>\n\t\t<div id='gallery-1' class='gallery galleryid-6494 gallery-columns-3 gallery-size-medium'><dl class='gallery-item'>\n\t\t\t<dt class='gallery-icon landscape'>\n\t\t\t\t<a href='https:\/\/www.terenos.ms.gov.br\/?attachment_id=6508'><img decoding=\"async\" width=\"300\" height=\"169\" src=\"https:\/\/www.terenos.ms.gov.br\/wp-content\/uploads\/unnamed-21.jpg\" class=\"attachment-medium size-medium\" alt=\"\" \/><\/a>\n\t\t\t<\/dt><\/dl><dl class='gallery-item'>\n\t\t\t<dt class='gallery-icon landscape'>\n\t\t\t\t<a href='https:\/\/www.terenos.ms.gov.br\/?attachment_id=6506'><img decoding=\"async\" width=\"300\" height=\"169\" src=\"https:\/\/www.terenos.ms.gov.br\/wp-content\/uploads\/unnamed-2-3.jpg\" class=\"attachment-medium size-medium\" alt=\"\" \/><\/a>\n\t\t\t<\/dt><\/dl><dl class='gallery-item'>\n\t\t\t<dt class='gallery-icon landscape'>\n\t\t\t\t<a href='https:\/\/www.terenos.ms.gov.br\/?attachment_id=6507'><img decoding=\"async\" width=\"300\" height=\"169\" src=\"https:\/\/www.terenos.ms.gov.br\/wp-content\/uploads\/unnamed-1-5.jpg\" class=\"attachment-medium size-medium\" alt=\"\" \/><\/a>\n\t\t\t<\/dt><\/dl><br style=\"clear: both\" \/><dl class='gallery-item'>\n\t\t\t<dt class='gallery-icon portrait'>\n\t\t\t\t<a href='https:\/\/www.terenos.ms.gov.br\/?attachment_id=6502'><img decoding=\"async\" width=\"240\" height=\"300\" src=\"https:\/\/www.terenos.ms.gov.br\/wp-content\/uploads\/448461328_920071546798111_4385505329551021689_n.jpg\" class=\"attachment-medium size-medium\" alt=\"\" \/><\/a>\n\t\t\t<\/dt><\/dl><dl class='gallery-item'>\n\t\t\t<dt class='gallery-icon portrait'>\n\t\t\t\t<a href='https:\/\/www.terenos.ms.gov.br\/?attachment_id=6503'><img decoding=\"async\" width=\"240\" height=\"300\" src=\"https:\/\/www.terenos.ms.gov.br\/wp-content\/uploads\/448433793_920071510131448_2583919449559179097_n.jpg\" class=\"attachment-medium size-medium\" alt=\"\" \/><\/a>\n\t\t\t<\/dt><\/dl><dl class='gallery-item'>\n\t\t\t<dt class='gallery-icon portrait'>\n\t\t\t\t<a href='https:\/\/www.terenos.ms.gov.br\/?attachment_id=6504'><img decoding=\"async\" width=\"240\" height=\"300\" src=\"https:\/\/www.terenos.ms.gov.br\/wp-content\/uploads\/448429780_920071470131452_2898057070892705793_n.jpg\" class=\"attachment-medium size-medium\" alt=\"\" \/><\/a>\n\t\t\t<\/dt><\/dl><br style=\"clear: both\" \/><dl class='gallery-item'>\n\t\t\t<dt class='gallery-icon portrait'>\n\t\t\t\t<a href='https:\/\/www.terenos.ms.gov.br\/?attachment_id=6505'><img decoding=\"async\" width=\"240\" height=\"300\" src=\"https:\/\/www.terenos.ms.gov.br\/wp-content\/uploads\/448434873_920071416798124_2026549560223338476_n.jpg\" class=\"attachment-medium size-medium\" alt=\"\" \/><\/a>\n\t\t\t<\/dt><\/dl><dl class='gallery-item'>\n\t\t\t<dt class='gallery-icon portrait'>\n\t\t\t\t<a href='https:\/\/www.terenos.ms.gov.br\/?attachment_id=6509'><img decoding=\"async\" width=\"240\" height=\"300\" src=\"https:\/\/www.terenos.ms.gov.br\/wp-content\/uploads\/447852283_915012150637384_4124709925659646200_n-1.jpg\" class=\"attachment-medium size-medium\" alt=\"\" \/><\/a>\n\t\t\t<\/dt><\/dl><dl class='gallery-item'>\n\t\t\t<dt class='gallery-icon portrait'>\n\t\t\t\t<a href='https:\/\/www.terenos.ms.gov.br\/?attachment_id=6510'><img decoding=\"async\" width=\"240\" height=\"300\" src=\"https:\/\/www.terenos.ms.gov.br\/wp-content\/uploads\/447972555_915012113970721_5848652139956449972_n-1.jpg\" class=\"attachment-medium size-medium\" alt=\"\" \/><\/a>\n\t\t\t<\/dt><\/dl><br style=\"clear: both\" \/>\n\t\t<\/div>\n\n<\/div>\n<\/div>\n<\/div>\n","protected":false},"excerpt":{"rendered":"<p>Durante a Semana do Meio Ambiente, a Secretaria de Desenvolvimento, em colabora\u00e7\u00e3o com a Morhena, est\u00e1 promovendo uma s\u00e9rie de atividades voltadas para a conscientiza\u00e7\u00e3o ambiental. Entre as iniciativas, destacam-se as palestras educativas que abordam a import\u00e2ncia da separa\u00e7\u00e3o adequada do lixo, visando a promover pr\u00e1ticas sustent\u00e1veis entre a popula\u00e7\u00e3o. As palestras s\u00e3o ministradas por [&hellip;]<\/p>\n","protected":false},"author":5,"featured_media":6501,"comment_status":"closed","ping_status":"closed","sticky":false,"template":"","format":"standard","meta":{"_et_pb_use_builder":"","_et_pb_old_content":"","_et_gb_content_width":"","footnotes":""},"categories":[52,51],"tags":[],"class_list":["post-6494","post","type-post","status-publish","format-standard","has-post-thumbnail","hentry","category-desenvolvimento-agrario","category-educacao"],"_links":{"self":[{"href":"https:\/\/www.terenos.ms.gov.br\/index.php?rest_route=\/wp\/v2\/posts\/6494","targetHints":{"allow":["GET"]}}],"collection":[{"href":"https:\/\/www.terenos.ms.gov.br\/index.php?rest_route=\/wp\/v2\/posts"}],"about":[{"href":"https:\/\/www.terenos.ms.gov.br\/index.php?rest_route=\/wp\/v2\/types\/post"}],"author":[{"embeddable":true,"href":"https:\/\/www.terenos.ms.gov.br\/index.php?rest_route=\/wp\/v2\/users\/5"}],"replies":[{"embeddable":true,"href":"https:\/\/www.terenos.ms.gov.br\/index.php?rest_route=%2Fwp%2Fv2%2Fcomments&post=6494"}],"version-history":[{"count":1,"href":"https:\/\/www.terenos.ms.gov.br\/index.php?rest_route=\/wp\/v2\/posts\/6494\/revisions"}],"predecessor-version":[{"id":6512,"href":"https:\/\/www.terenos.ms.gov.br\/index.php?rest_route=\/wp\/v2\/posts\/6494\/revisions\/6512"}],"wp:featuredmedia":[{"embeddable":true,"href":"https:\/\/www.terenos.ms.gov.br\/index.php?rest_route=\/wp\/v2\/media\/6501"}],"wp:attachment":[{"href":"https:\/\/www.terenos.ms.gov.br\/index.php?rest_route=%2Fwp%2Fv2%2Fmedia&parent=6494"}],"wp:term":[{"taxonomy":"category","embeddable":true,"href":"https:\/\/www.terenos.ms.gov.br\/index.php?rest_route=%2Fwp%2Fv2%2Fcategories&post=6494"},{"taxonomy":"post_tag","embeddable":true,"href":"https:\/\/www.terenos.ms.gov.br\/index.php?rest_route=%2Fwp%2Fv2%2Ftags&post=6494"}],"curies":[{"name":"wp","href":"https:\/\/api.w.org\/{rel}","templated":true}]}}