{"id":6385,"date":"2024-05-27T12:05:51","date_gmt":"2024-05-27T16:05:51","guid":{"rendered":"https:\/\/www.terenos.ms.gov.br\/?p=6385"},"modified":"2024-05-27T12:05:51","modified_gmt":"2024-05-27T16:05:51","slug":"capacitacao-para-equipe-da-unidade-de-acolhimento-para-criancas-e-adolescentes-casa-abrigo-de-terenos","status":"publish","type":"post","link":"https:\/\/www.terenos.ms.gov.br\/?p=6385","title":{"rendered":"Capacita\u00e7\u00e3o para equipe da Unidade de Acolhimento para Crian\u00e7as e Adolescentes  &#8211; Casa Abrigo de Terenos."},"content":{"rendered":"<p style=\"text-align: justify;\">A Secretaria de Assist\u00eancia Social realizou uma capacita\u00e7\u00e3o abrangente para a equipe da Unidade de Acolhimento para Crian\u00e7as e Adolescentes &#8211; Casa Abrigo de Terenos. Essa iniciativa faz parte do Plano Municipal de Educa\u00e7\u00e3o Permanente para Trabalhadores do Sistema \u00danico de Assist\u00eancia Social (SUAS), que busca oferecer uma s\u00e9rie de oportunidades de forma\u00e7\u00e3o cont\u00ednua e a constru\u00e7\u00e3o de novos conhecimentos.<\/p>\n<p style=\"text-align: justify;\">O objetivo principal dessa a\u00e7\u00e3o \u00e9 melhorar a qualidade do trabalho realizado pelos profissionais da assist\u00eancia social e fomentar o desenvolvimento profissional de seus colaboradores. A capacita\u00e7\u00e3o abordou diversas tem\u00e1ticas relevantes para o cotidiano dos trabalhadores, incluindo t\u00e9cnicas de atendimento, estrat\u00e9gias de acolhimento, desenvolvimento psicossocial das crian\u00e7as e adolescentes, e pr\u00e1ticas de gest\u00e3o e administra\u00e7\u00e3o da unidade.<\/p>\n<p style=\"text-align: justify;\">O Plano Municipal de Educa\u00e7\u00e3o Permanente reflete o compromisso da Secretaria de Assist\u00eancia Social em investir no aperfei\u00e7oamento cont\u00ednuo de seus colaboradores, reconhecendo que a capacita\u00e7\u00e3o e o desenvolvimento profissional s\u00e3o fundamentais para a excel\u00eancia no atendimento e para o bem-estar dos usu\u00e1rios dos servi\u00e7os sociais. Com isso, espera-se que a qualidade dos servi\u00e7os prestados pela Casa Abrigo de Terenos seja continuamente aprimorada, beneficiando diretamente as crian\u00e7as e adolescentes em situa\u00e7\u00e3o de vulnerabilidade.<\/p>\n","protected":false},"excerpt":{"rendered":"<p>A Secretaria de Assist\u00eancia Social realizou uma capacita\u00e7\u00e3o abrangente para a equipe da Unidade de Acolhimento para Crian\u00e7as e Adolescentes &#8211; Casa Abrigo de Terenos. Essa iniciativa faz parte do Plano Municipal de Educa\u00e7\u00e3o Permanente para Trabalhadores do Sistema \u00danico de Assist\u00eancia Social (SUAS), que busca oferecer uma s\u00e9rie de oportunidades de forma\u00e7\u00e3o cont\u00ednua e [&hellip;]<\/p>\n","protected":false},"author":5,"featured_media":6386,"comment_status":"closed","ping_status":"closed","sticky":false,"template":"","format":"standard","meta":{"_et_pb_use_builder":"","_et_pb_old_content":"","_et_gb_content_width":"","footnotes":""},"categories":[49],"tags":[],"class_list":["post-6385","post","type-post","status-publish","format-standard","has-post-thumbnail","hentry","category-assistencia-social"],"_links":{"self":[{"href":"https:\/\/www.terenos.ms.gov.br\/index.php?rest_route=\/wp\/v2\/posts\/6385","targetHints":{"allow":["GET"]}}],"collection":[{"href":"https:\/\/www.terenos.ms.gov.br\/index.php?rest_route=\/wp\/v2\/posts"}],"about":[{"href":"https:\/\/www.terenos.ms.gov.br\/index.php?rest_route=\/wp\/v2\/types\/post"}],"author":[{"embeddable":true,"href":"https:\/\/www.terenos.ms.gov.br\/index.php?rest_route=\/wp\/v2\/users\/5"}],"replies":[{"embeddable":true,"href":"https:\/\/www.terenos.ms.gov.br\/index.php?rest_route=%2Fwp%2Fv2%2Fcomments&post=6385"}],"version-history":[{"count":1,"href":"https:\/\/www.terenos.ms.gov.br\/index.php?rest_route=\/wp\/v2\/posts\/6385\/revisions"}],"predecessor-version":[{"id":6387,"href":"https:\/\/www.terenos.ms.gov.br\/index.php?rest_route=\/wp\/v2\/posts\/6385\/revisions\/6387"}],"wp:featuredmedia":[{"embeddable":true,"href":"https:\/\/www.terenos.ms.gov.br\/index.php?rest_route=\/wp\/v2\/media\/6386"}],"wp:attachment":[{"href":"https:\/\/www.terenos.ms.gov.br\/index.php?rest_route=%2Fwp%2Fv2%2Fmedia&parent=6385"}],"wp:term":[{"taxonomy":"category","embeddable":true,"href":"https:\/\/www.terenos.ms.gov.br\/index.php?rest_route=%2Fwp%2Fv2%2Fcategories&post=6385"},{"taxonomy":"post_tag","embeddable":true,"href":"https:\/\/www.terenos.ms.gov.br\/index.php?rest_route=%2Fwp%2Fv2%2Ftags&post=6385"}],"curies":[{"name":"wp","href":"https:\/\/api.w.org\/{rel}","templated":true}]}}