{"id":6283,"date":"2024-04-05T06:31:33","date_gmt":"2024-04-05T10:31:33","guid":{"rendered":"https:\/\/www.terenos.ms.gov.br\/?p=6283"},"modified":"2024-04-05T06:31:33","modified_gmt":"2024-04-05T10:31:33","slug":"proerd-programa-educacional-de-resistencia-as-drogas-e-a-violencia","status":"publish","type":"post","link":"https:\/\/www.terenos.ms.gov.br\/?p=6283","title":{"rendered":"PROERD (Programa Educacional de Resist\u00eancia \u00e0s Drogas e \u00e0 Viol\u00eancia)"},"content":{"rendered":"<p style=\"text-align: justify;\">Na manh\u00e3 do dia 4, teve in\u00edcio o programa PROERD (Programa Educacional de Resist\u00eancia \u00e0s Drogas e \u00e0 Viol\u00eancia) na Escola \u00c1lvaro Lopes e Ant\u00f4nio Sandim! Essa iniciativa \u00e9 de grande import\u00e2ncia para nossa comunidade, pois visa orientar nossas crian\u00e7as e adolescentes a fazerem escolhas seguras e saud\u00e1veis, afastando-os do uso de drogas, \u00e1lcool e viol\u00eancia.<\/p>\n<p style=\"text-align: justify;\">Uma parceria entre a Secretaria de Educa\u00e7\u00e3o de Terenos e a Pol\u00edcia Militar, que colaboram para implementar esse programa educacional preventivo nas escolas. O objetivo principal \u00e9 fornecer ferramentas e conhecimentos para que os alunos possam resistir \u00e0s press\u00f5es que os exp\u00f5em a comportamentos de risco, promovendo um ambiente mais seguro e saud\u00e1vel para o desenvolvimento dos jovens.<\/p>\n<p style=\"text-align: justify;\">Nesta etapa inicial, a Escola \u00c1lvaro Lopes e Ant\u00f4nio Sandim est\u00e1 sendo beneficiada com o PROERD, e durante o segundo semestre outras escolas do munic\u00edpio ser\u00e3o inclu\u00eddas nessa valiosa iniciativa. A parceria entre a Secretaria de Educa\u00e7\u00e3o e a Pol\u00edcia Militar reflete o compromisso das institui\u00e7\u00f5es em investir na preven\u00e7\u00e3o e educa\u00e7\u00e3o das nossas crian\u00e7as e adolescentes, preparando-os para enfrentar os desafios da vida de maneira consciente e segura.<\/p>\n<p style=\"text-align: justify;\">O programa PROERD \u00e9 uma oportunidade para fortalecer os la\u00e7os entre a comunidade escolar, as fam\u00edlias e as for\u00e7as de seguran\u00e7a, trabalhando de forma integrada para promover uma cultura de paz e respeito em nosso munic\u00edpio. Estamos ansiosos para observar os impactos positivos desse programa na vida dos nossos estudantes e na sociedade como um todo.<\/p>\n","protected":false},"excerpt":{"rendered":"<p>Na manh\u00e3 do dia 4, teve in\u00edcio o programa PROERD (Programa Educacional de Resist\u00eancia \u00e0s Drogas e \u00e0 Viol\u00eancia) na Escola \u00c1lvaro Lopes e Ant\u00f4nio Sandim! Essa iniciativa \u00e9 de grande import\u00e2ncia para nossa comunidade, pois visa orientar nossas crian\u00e7as e adolescentes a fazerem escolhas seguras e saud\u00e1veis, afastando-os do uso de drogas, \u00e1lcool e [&hellip;]<\/p>\n","protected":false},"author":5,"featured_media":6284,"comment_status":"closed","ping_status":"closed","sticky":false,"template":"","format":"standard","meta":{"_et_pb_use_builder":"","_et_pb_old_content":"","_et_gb_content_width":"","footnotes":""},"categories":[51],"tags":[],"class_list":["post-6283","post","type-post","status-publish","format-standard","has-post-thumbnail","hentry","category-educacao"],"_links":{"self":[{"href":"https:\/\/www.terenos.ms.gov.br\/index.php?rest_route=\/wp\/v2\/posts\/6283","targetHints":{"allow":["GET"]}}],"collection":[{"href":"https:\/\/www.terenos.ms.gov.br\/index.php?rest_route=\/wp\/v2\/posts"}],"about":[{"href":"https:\/\/www.terenos.ms.gov.br\/index.php?rest_route=\/wp\/v2\/types\/post"}],"author":[{"embeddable":true,"href":"https:\/\/www.terenos.ms.gov.br\/index.php?rest_route=\/wp\/v2\/users\/5"}],"replies":[{"embeddable":true,"href":"https:\/\/www.terenos.ms.gov.br\/index.php?rest_route=%2Fwp%2Fv2%2Fcomments&post=6283"}],"version-history":[{"count":1,"href":"https:\/\/www.terenos.ms.gov.br\/index.php?rest_route=\/wp\/v2\/posts\/6283\/revisions"}],"predecessor-version":[{"id":6285,"href":"https:\/\/www.terenos.ms.gov.br\/index.php?rest_route=\/wp\/v2\/posts\/6283\/revisions\/6285"}],"wp:featuredmedia":[{"embeddable":true,"href":"https:\/\/www.terenos.ms.gov.br\/index.php?rest_route=\/wp\/v2\/media\/6284"}],"wp:attachment":[{"href":"https:\/\/www.terenos.ms.gov.br\/index.php?rest_route=%2Fwp%2Fv2%2Fmedia&parent=6283"}],"wp:term":[{"taxonomy":"category","embeddable":true,"href":"https:\/\/www.terenos.ms.gov.br\/index.php?rest_route=%2Fwp%2Fv2%2Fcategories&post=6283"},{"taxonomy":"post_tag","embeddable":true,"href":"https:\/\/www.terenos.ms.gov.br\/index.php?rest_route=%2Fwp%2Fv2%2Ftags&post=6283"}],"curies":[{"name":"wp","href":"https:\/\/api.w.org\/{rel}","templated":true}]}}