{"id":6227,"date":"2024-03-18T12:22:54","date_gmt":"2024-03-18T16:22:54","guid":{"rendered":"https:\/\/www.terenos.ms.gov.br\/?p=6227"},"modified":"2024-03-18T12:22:54","modified_gmt":"2024-03-18T16:22:54","slug":"posse-dos-novos-professores-do-municipio","status":"publish","type":"post","link":"https:\/\/www.terenos.ms.gov.br\/?p=6227","title":{"rendered":"Posse dos novos professores do munic\u00edpio"},"content":{"rendered":"<div class=\"flex-1 overflow-hidden\">\n<div class=\"react-scroll-to-bottom--css-mzykw-79elbk h-full\">\n<div class=\"react-scroll-to-bottom--css-mzykw-1n7m0yu\">\n<div class=\"flex flex-col text-sm pb-9\">\n<div class=\"w-full text-token-text-primary\" data-testid=\"conversation-turn-7\">\n<div class=\"px-4 py-2 justify-center text-base md:gap-6 m-auto\">\n<div class=\"flex flex-1 text-base mx-auto gap-3 md:px-5 lg:px-1 xl:px-5 md:max-w-3xl lg:max-w-[40rem] xl:max-w-[48rem] group final-completion\">\n<div class=\"relative flex w-full flex-col agent-turn\">\n<div class=\"flex-col gap-1 md:gap-3\">\n<div class=\"flex flex-grow flex-col max-w-full\">\n<div class=\"min-h-[20px] text-message flex flex-col items-start gap-3 whitespace-pre-wrap break-words [.text-message+&amp;]:mt-5 overflow-x-auto\" data-message-author-role=\"assistant\" data-message-id=\"e5dfd946-ab60-48fd-bea9-9a0b3fe7442d\">\n<div class=\"markdown prose w-full break-words dark:prose-invert light\">\n<p style=\"text-align: justify;\">No \u00faltimo s\u00e1bado, dia 10 de mar\u00e7o, ocorreu a cerim\u00f4nia de posse dos novos professores no munic\u00edpio. Este evento representou um marco significativo no compromisso da comunidade com a educa\u00e7\u00e3o local. A presen\u00e7a dos novos educadores reiterou o empenho da regi\u00e3o em garantir a qualidade do ensino e o desenvolvimento dos alunos.<\/p>\n<p style=\"text-align: justify;\">A cerim\u00f4nia foi realizada como uma formalidade para dar as boas-vindas aos novos membros do corpo docente e enfatizar a import\u00e2ncia da educa\u00e7\u00e3o na sociedade. Este evento contribuiu para fortalecer a coes\u00e3o da comunidade educacional e estabelecer rela\u00e7\u00f5es profissionais entre os novos professores, seus colegas e os alunos. Em suma, a posse dos novos professores foi um evento que destacou o compromisso cont\u00ednuo do munic\u00edpio com o avan\u00e7o da educa\u00e7\u00e3o e a integra\u00e7\u00e3o da equipe docente.<\/p>\n<\/div>\n<\/div>\n<\/div>\n<div class=\"mt-1 flex justify-start gap-3 empty:hidden\">\n<div class=\"text-gray-400 flex self-end lg:self-center items-center justify-center lg:justify-start mt-0 -ml-1 h-7 gap-[2px] visible\">\n<div class=\"flex items-center gap-1.5 text-xs\" style=\"text-align: justify;\"><\/div>\n<div class=\"flex\" style=\"text-align: justify;\"><\/div>\n<\/div>\n<\/div>\n<div class=\"pr-2 lg:pr-0\"><\/div>\n<\/div>\n<\/div>\n<\/div>\n<\/div>\n<\/div>\n<\/div>\n<\/div>\n<\/div>\n<\/div>\n<div class=\"w-full pt-2 md:pt-0 dark:border-white\/20 md:border-transparent md:dark:border-transparent md:w-[calc(100%-.5rem)]\">\n<form class=\"stretch mx-2 flex flex-row gap-3 last:mb-2 md:mx-4 md:last:mb-6 lg:mx-auto lg:max-w-2xl xl:max-w-3xl\">\n<div class=\"relative flex h-full flex-1 flex-col\">\n<div class=\"flex w-full items-center\"><\/div>\n<\/div>\n<\/form>\n<\/div>\n","protected":false},"excerpt":{"rendered":"<p>No \u00faltimo s\u00e1bado, dia 10 de mar\u00e7o, ocorreu a cerim\u00f4nia de posse dos novos professores no munic\u00edpio. Este evento representou um marco significativo no compromisso da comunidade com a educa\u00e7\u00e3o local. A presen\u00e7a dos novos educadores reiterou o empenho da regi\u00e3o em garantir a qualidade do ensino e o desenvolvimento dos alunos. A cerim\u00f4nia foi [&hellip;]<\/p>\n","protected":false},"author":5,"featured_media":6228,"comment_status":"closed","ping_status":"closed","sticky":false,"template":"","format":"standard","meta":{"_et_pb_use_builder":"","_et_pb_old_content":"","_et_gb_content_width":"","footnotes":""},"categories":[51],"tags":[],"class_list":["post-6227","post","type-post","status-publish","format-standard","has-post-thumbnail","hentry","category-educacao"],"_links":{"self":[{"href":"https:\/\/www.terenos.ms.gov.br\/index.php?rest_route=\/wp\/v2\/posts\/6227","targetHints":{"allow":["GET"]}}],"collection":[{"href":"https:\/\/www.terenos.ms.gov.br\/index.php?rest_route=\/wp\/v2\/posts"}],"about":[{"href":"https:\/\/www.terenos.ms.gov.br\/index.php?rest_route=\/wp\/v2\/types\/post"}],"author":[{"embeddable":true,"href":"https:\/\/www.terenos.ms.gov.br\/index.php?rest_route=\/wp\/v2\/users\/5"}],"replies":[{"embeddable":true,"href":"https:\/\/www.terenos.ms.gov.br\/index.php?rest_route=%2Fwp%2Fv2%2Fcomments&post=6227"}],"version-history":[{"count":1,"href":"https:\/\/www.terenos.ms.gov.br\/index.php?rest_route=\/wp\/v2\/posts\/6227\/revisions"}],"predecessor-version":[{"id":6229,"href":"https:\/\/www.terenos.ms.gov.br\/index.php?rest_route=\/wp\/v2\/posts\/6227\/revisions\/6229"}],"wp:featuredmedia":[{"embeddable":true,"href":"https:\/\/www.terenos.ms.gov.br\/index.php?rest_route=\/wp\/v2\/media\/6228"}],"wp:attachment":[{"href":"https:\/\/www.terenos.ms.gov.br\/index.php?rest_route=%2Fwp%2Fv2%2Fmedia&parent=6227"}],"wp:term":[{"taxonomy":"category","embeddable":true,"href":"https:\/\/www.terenos.ms.gov.br\/index.php?rest_route=%2Fwp%2Fv2%2Fcategories&post=6227"},{"taxonomy":"post_tag","embeddable":true,"href":"https:\/\/www.terenos.ms.gov.br\/index.php?rest_route=%2Fwp%2Fv2%2Ftags&post=6227"}],"curies":[{"name":"wp","href":"https:\/\/api.w.org\/{rel}","templated":true}]}}