{"id":6102,"date":"2024-01-10T15:12:22","date_gmt":"2024-01-10T19:12:22","guid":{"rendered":"https:\/\/www.terenos.ms.gov.br\/?p=6102"},"modified":"2024-01-10T15:12:22","modified_gmt":"2024-01-10T19:12:22","slug":"conselho-tutelar-posse-dos-novos-conselheiros-tutelares-de-terenos-ms","status":"publish","type":"post","link":"https:\/\/www.terenos.ms.gov.br\/?p=6102","title":{"rendered":"CONSELHO TUTELAR | Posse dos Novos Conselheiros Tutelares de Terenos\/MS"},"content":{"rendered":"<p style=\"text-align: justify;\">No dia 10 de janeiro, quarta-feira, o munic\u00edpio de Terenos\/MS celebrou a posse dos novos Conselheiros Tutelares para o quadri\u00eanio 2024-2028, em uma cerim\u00f4nia que contou com a presen\u00e7a\u00a0de autoridades municipais, l\u00edderes da comunidade,\u00a0familiares, servidores e popula\u00e7\u00e3o terenense.<\/p>\n<p style=\"text-align: justify;\">O evento, realizado no Centro Cultural Senador Ramez Tebet, foi prestigiado pelo prefeito Henrique Wancura Budke, pelo presidente da C\u00e2mara Marcos In\u00e1cio Campos, pelo Promotor de Justi\u00e7a da 1\u00b0 Promotoria, Dr.\u00a0Eduardo de\u00a0Ara\u00fajo Portes Guedes, pela Secret\u00e1ria de Assist\u00eancia Social, Nilza Barbosa de Almeida Lopes, e pela presidente do CMDCA, Jucelene Estival de Oliveira.<\/p>\n<p style=\"text-align: justify;\">Os novos membros assumiram\u00a0oficialmente suas responsabilidades ao assinarem o termo de posse. Durante a cerim\u00f4nia, as autoridades presentes destacaram, em seus discursos, a relev\u00e2ncia do Conselho Tutelar na salvaguarda dos direitos das crian\u00e7as e adolescentes.<\/p>\n<p style=\"text-align: justify;\">Al\u00e9m das autoridades mencionadas,\u00a0registramos a presen\u00e7a dos \u00a0\u00a0vereadores\u00a0Silvio da Esta\u00e7\u00e3o, Ricardinho do Caminh\u00e3o, Z\u00e9 Para\u00edba e \u00a0Lucilha de Almeida,\u00a0dos secret\u00e1rios (a) da sa\u00fade e meio ambiente Aryanni Pam\u00eala e Gilberto de Almeida,\u00a0participou tamb\u00e9m\u00a0o\u00a0Controlador Geral domunic\u00edpio Rafael Lopes Marques e a primeira dama Cacilda Budke, al\u00e9m dos\u00a0representantes de associa\u00e7\u00f5es.<\/p>\n<p style=\"text-align: justify;\">O Conselho Tutelar, enquanto \u00f3rg\u00e3o aut\u00f4nomo,\u00a0desempenha um papel crucial na prote\u00e7\u00e3o dos direitos das crian\u00e7as e adolescentes locais, operando em colabora\u00e7\u00e3o com a Rede de Atendimento. A coopera\u00e7\u00e3o desses esfor\u00e7os \u00e9 fundamental para garantir um futuro digno para as\u00a0futuras gera\u00e7\u00f5es.<\/p>\n<p style=\"text-align: justify;\">Confira a lista dos 5 Conselheiros(as) Tutelares titulares e 6 conselheiros(as) Tutelares Suplentes, por ordem de vota\u00e7\u00e3o :<\/p>\n<p style=\"text-align: justify;\">**Titulares:**<\/p>\n<p style=\"text-align: justify;\">1. Armides Cardoso Pereira<\/p>\n<p style=\"text-align: justify;\">2. Carmen L\u00e9ia Marques<\/p>\n<p style=\"text-align: justify;\">3. Ma\u00edsa Lopes Gonzaga de Almeida<\/p>\n<p style=\"text-align: justify;\">4. Khalil Issan Pereira Ltaif<\/p>\n<p style=\"text-align: justify;\">5. Kelly Cristina Sim\u00f5es de Souza<\/p>\n<p style=\"text-align: justify;\">\n<p style=\"text-align: justify;\">**Suplentes:**<\/p>\n<p style=\"text-align: justify;\">1\u00ba Supl. Ariany Leticia Parenti<\/p>\n<p style=\"text-align: justify;\">2\u00ba Supl. D\u00e1rio Daniel Raguazi<\/p>\n<p style=\"text-align: justify;\">3\u00ba Supl. K\u00e1tia Marthis Isernhagen<\/p>\n<p style=\"text-align: justify;\">4\u00ba Supl. Valdin\u00e9ia Rosa Da Silva<\/p>\n<p style=\"text-align: justify;\">5\u00ba Supl. Ivonete Jos\u00e9 Os\u00f3rio<\/p>\n<p style=\"text-align: justify;\">6\u00ba Supl. Francisco Sandro De Freitas<\/p>\n","protected":false},"excerpt":{"rendered":"<p>No dia 10 de janeiro, quarta-feira, o munic\u00edpio de Terenos\/MS celebrou a posse dos novos Conselheiros Tutelares para o quadri\u00eanio 2024-2028, em uma cerim\u00f4nia que contou com a presen\u00e7a\u00a0de autoridades municipais, l\u00edderes da comunidade,\u00a0familiares, servidores e popula\u00e7\u00e3o terenense. O evento, realizado no Centro Cultural Senador Ramez Tebet, foi prestigiado pelo prefeito Henrique Wancura Budke, pelo [&hellip;]<\/p>\n","protected":false},"author":5,"featured_media":6103,"comment_status":"closed","ping_status":"closed","sticky":false,"template":"","format":"standard","meta":{"_et_pb_use_builder":"","_et_pb_old_content":"","_et_gb_content_width":"","footnotes":""},"categories":[49],"tags":[],"class_list":["post-6102","post","type-post","status-publish","format-standard","has-post-thumbnail","hentry","category-assistencia-social"],"_links":{"self":[{"href":"https:\/\/www.terenos.ms.gov.br\/index.php?rest_route=\/wp\/v2\/posts\/6102","targetHints":{"allow":["GET"]}}],"collection":[{"href":"https:\/\/www.terenos.ms.gov.br\/index.php?rest_route=\/wp\/v2\/posts"}],"about":[{"href":"https:\/\/www.terenos.ms.gov.br\/index.php?rest_route=\/wp\/v2\/types\/post"}],"author":[{"embeddable":true,"href":"https:\/\/www.terenos.ms.gov.br\/index.php?rest_route=\/wp\/v2\/users\/5"}],"replies":[{"embeddable":true,"href":"https:\/\/www.terenos.ms.gov.br\/index.php?rest_route=%2Fwp%2Fv2%2Fcomments&post=6102"}],"version-history":[{"count":1,"href":"https:\/\/www.terenos.ms.gov.br\/index.php?rest_route=\/wp\/v2\/posts\/6102\/revisions"}],"predecessor-version":[{"id":6104,"href":"https:\/\/www.terenos.ms.gov.br\/index.php?rest_route=\/wp\/v2\/posts\/6102\/revisions\/6104"}],"wp:featuredmedia":[{"embeddable":true,"href":"https:\/\/www.terenos.ms.gov.br\/index.php?rest_route=\/wp\/v2\/media\/6103"}],"wp:attachment":[{"href":"https:\/\/www.terenos.ms.gov.br\/index.php?rest_route=%2Fwp%2Fv2%2Fmedia&parent=6102"}],"wp:term":[{"taxonomy":"category","embeddable":true,"href":"https:\/\/www.terenos.ms.gov.br\/index.php?rest_route=%2Fwp%2Fv2%2Fcategories&post=6102"},{"taxonomy":"post_tag","embeddable":true,"href":"https:\/\/www.terenos.ms.gov.br\/index.php?rest_route=%2Fwp%2Fv2%2Ftags&post=6102"}],"curies":[{"name":"wp","href":"https:\/\/api.w.org\/{rel}","templated":true}]}}