{"id":5893,"date":"2023-08-30T11:13:00","date_gmt":"2023-08-30T15:13:00","guid":{"rendered":"https:\/\/www.terenos.ms.gov.br\/?p=5893"},"modified":"2023-08-30T11:15:00","modified_gmt":"2023-08-30T15:15:00","slug":"conscientizacao-sobre-a-separacao-de-materiais-reciclaveis","status":"publish","type":"post","link":"https:\/\/www.terenos.ms.gov.br\/?p=5893","title":{"rendered":"Conscientiza\u00e7\u00e3o sobre a separa\u00e7\u00e3o de materiais recicl\u00e1veis"},"content":{"rendered":"<p style=\"text-align: justify;\">No dia 29 de agosto, a Secretaria de Meio Ambiente, em conjunto com a empresa Morhena, organizou uma iniciativa de conscientiza\u00e7\u00e3o sobre a separa\u00e7\u00e3o de materiais recicl\u00e1veis no bairro Conjunto Habitacional Eduardo Perez Filho.<\/p>\n<p style=\"text-align: justify;\">A a\u00e7\u00e3o proporcionou uma oportunidade para os moradores do bairro aprenderem mais sobre a reciclagem e esclarecerem d\u00favidas. Al\u00e9m disso, atividades pr\u00e1ticas foram realizadas para permitir que os participantes pudessem praticar a separa\u00e7\u00e3o correta dos materiais, incentivando a ado\u00e7\u00e3o desses h\u00e1bitos no dia a dia.<\/p>\n<p style=\"text-align: justify;\">A parceria entre a Secretaria de Meio Ambiente e a empresa Morhena demonstrou o comprometimento conjunto em promover pr\u00e1ticas mais sustent\u00e1veis na comunidade local. A iniciativa visa n\u00e3o apenas educar, mas tamb\u00e9m influenciar positivamente o comportamento das pessoas em rela\u00e7\u00e3o \u00e0 separa\u00e7\u00e3o de materiais recicl\u00e1veis, contribuindo assim para a preserva\u00e7\u00e3o do meio ambiente.<\/p>\n<p>&nbsp;<\/p>\n\n\t\t<style type=\"text\/css\">\n\t\t\t#gallery-1 {\n\t\t\t\tmargin: auto;\n\t\t\t}\n\t\t\t#gallery-1 .gallery-item {\n\t\t\t\tfloat: left;\n\t\t\t\tmargin-top: 10px;\n\t\t\t\ttext-align: center;\n\t\t\t\twidth: 50%;\n\t\t\t}\n\t\t\t#gallery-1 img {\n\t\t\t\tborder: 2px solid #cfcfcf;\n\t\t\t}\n\t\t\t#gallery-1 .gallery-caption {\n\t\t\t\tmargin-left: 0;\n\t\t\t}\n\t\t\t\/* see gallery_shortcode() in wp-includes\/media.php *\/\n\t\t<\/style>\n\t\t<div id='gallery-1' class='gallery galleryid-5893 gallery-columns-2 gallery-size-medium'><dl class='gallery-item'>\n\t\t\t<dt class='gallery-icon portrait'>\n\t\t\t\t<a href='https:\/\/www.terenos.ms.gov.br\/?attachment_id=5905'><img decoding=\"async\" width=\"212\" height=\"300\" src=\"https:\/\/www.terenos.ms.gov.br\/wp-content\/uploads\/Panlfeto-Morhena-Verso.jpg\" class=\"attachment-medium size-medium\" alt=\"\" \/><\/a>\n\t\t\t<\/dt><\/dl><dl class='gallery-item'>\n\t\t\t<dt class='gallery-icon portrait'>\n\t\t\t\t<a href='https:\/\/www.terenos.ms.gov.br\/?attachment_id=5904'><img decoding=\"async\" width=\"209\" height=\"300\" src=\"https:\/\/www.terenos.ms.gov.br\/wp-content\/uploads\/Panlfeto-Morhena-Frente.jpg\" class=\"attachment-medium size-medium\" alt=\"\" \/><\/a>\n\t\t\t<\/dt><\/dl><br style=\"clear: both\" \/><dl class='gallery-item'>\n\t\t\t<dt class='gallery-icon portrait'>\n\t\t\t\t<a href='https:\/\/www.terenos.ms.gov.br\/?attachment_id=5902'><img decoding=\"async\" width=\"225\" height=\"300\" src=\"https:\/\/www.terenos.ms.gov.br\/wp-content\/uploads\/IMG-20230829-WA0013.jpg\" class=\"attachment-medium size-medium\" alt=\"\" \/><\/a>\n\t\t\t<\/dt><\/dl><dl class='gallery-item'>\n\t\t\t<dt class='gallery-icon portrait'>\n\t\t\t\t<a href='https:\/\/www.terenos.ms.gov.br\/?attachment_id=5901'><img decoding=\"async\" width=\"225\" height=\"300\" src=\"https:\/\/www.terenos.ms.gov.br\/wp-content\/uploads\/IMG-20230829-WA0011.jpg\" class=\"attachment-medium size-medium\" alt=\"\" \/><\/a>\n\t\t\t<\/dt><\/dl><br style=\"clear: both\" \/><dl class='gallery-item'>\n\t\t\t<dt class='gallery-icon portrait'>\n\t\t\t\t<a href='https:\/\/www.terenos.ms.gov.br\/?attachment_id=5900'><img decoding=\"async\" width=\"225\" height=\"300\" src=\"https:\/\/www.terenos.ms.gov.br\/wp-content\/uploads\/IMG-20230829-WA0004.jpg\" class=\"attachment-medium size-medium\" alt=\"\" \/><\/a>\n\t\t\t<\/dt><\/dl><dl class='gallery-item'>\n\t\t\t<dt class='gallery-icon portrait'>\n\t\t\t\t<a href='https:\/\/www.terenos.ms.gov.br\/?attachment_id=5898'><img decoding=\"async\" width=\"169\" height=\"300\" src=\"https:\/\/www.terenos.ms.gov.br\/wp-content\/uploads\/IMG-20230828-WA0069.jpg\" class=\"attachment-medium size-medium\" alt=\"\" \/><\/a>\n\t\t\t<\/dt><\/dl><br style=\"clear: both\" \/><dl class='gallery-item'>\n\t\t\t<dt class='gallery-icon portrait'>\n\t\t\t\t<a href='https:\/\/www.terenos.ms.gov.br\/?attachment_id=5899'><img decoding=\"async\" width=\"225\" height=\"300\" src=\"https:\/\/www.terenos.ms.gov.br\/wp-content\/uploads\/IMG-20230829-WA0003.jpg\" class=\"attachment-medium size-medium\" alt=\"\" \/><\/a>\n\t\t\t<\/dt><\/dl><dl class='gallery-item'>\n\t\t\t<dt class='gallery-icon portrait'>\n\t\t\t\t<a href='https:\/\/www.terenos.ms.gov.br\/?attachment_id=5896'><img decoding=\"async\" width=\"169\" height=\"300\" src=\"https:\/\/www.terenos.ms.gov.br\/wp-content\/uploads\/IMG-20230828-WA0065.jpg\" class=\"attachment-medium size-medium\" alt=\"\" \/><\/a>\n\t\t\t<\/dt><\/dl><br style=\"clear: both\" \/><dl class='gallery-item'>\n\t\t\t<dt class='gallery-icon portrait'>\n\t\t\t\t<a href='https:\/\/www.terenos.ms.gov.br\/?attachment_id=5895'><img decoding=\"async\" width=\"225\" height=\"300\" src=\"https:\/\/www.terenos.ms.gov.br\/wp-content\/uploads\/Imagem-do-WhatsApp-de-2023-08-28-as-16.24.03.jpg\" class=\"attachment-medium size-medium\" alt=\"\" \/><\/a>\n\t\t\t<\/dt><\/dl><dl class='gallery-item'>\n\t\t\t<dt class='gallery-icon portrait'>\n\t\t\t\t<a href='https:\/\/www.terenos.ms.gov.br\/?attachment_id=5897'><img decoding=\"async\" width=\"169\" height=\"300\" src=\"https:\/\/www.terenos.ms.gov.br\/wp-content\/uploads\/IMG-20230828-WA0067.jpg\" class=\"attachment-medium size-medium\" alt=\"\" \/><\/a>\n\t\t\t<\/dt><\/dl><br style=\"clear: both\" \/>\n\t\t<\/div>\n\n","protected":false},"excerpt":{"rendered":"<p>No dia 29 de agosto, a Secretaria de Meio Ambiente, em conjunto com a empresa Morhena, organizou uma iniciativa de conscientiza\u00e7\u00e3o sobre a separa\u00e7\u00e3o de materiais recicl\u00e1veis no bairro Conjunto Habitacional Eduardo Perez Filho. A a\u00e7\u00e3o proporcionou uma oportunidade para os moradores do bairro aprenderem mais sobre a reciclagem e esclarecerem d\u00favidas. Al\u00e9m disso, atividades [&hellip;]<\/p>\n","protected":false},"author":5,"featured_media":5907,"comment_status":"closed","ping_status":"closed","sticky":false,"template":"","format":"standard","meta":{"_et_pb_use_builder":"","_et_pb_old_content":"","_et_gb_content_width":"","footnotes":""},"categories":[52,50],"tags":[],"class_list":["post-5893","post","type-post","status-publish","format-standard","has-post-thumbnail","hentry","category-desenvolvimento-agrario","category-meio-ambiente"],"_links":{"self":[{"href":"https:\/\/www.terenos.ms.gov.br\/index.php?rest_route=\/wp\/v2\/posts\/5893","targetHints":{"allow":["GET"]}}],"collection":[{"href":"https:\/\/www.terenos.ms.gov.br\/index.php?rest_route=\/wp\/v2\/posts"}],"about":[{"href":"https:\/\/www.terenos.ms.gov.br\/index.php?rest_route=\/wp\/v2\/types\/post"}],"author":[{"embeddable":true,"href":"https:\/\/www.terenos.ms.gov.br\/index.php?rest_route=\/wp\/v2\/users\/5"}],"replies":[{"embeddable":true,"href":"https:\/\/www.terenos.ms.gov.br\/index.php?rest_route=%2Fwp%2Fv2%2Fcomments&post=5893"}],"version-history":[{"count":1,"href":"https:\/\/www.terenos.ms.gov.br\/index.php?rest_route=\/wp\/v2\/posts\/5893\/revisions"}],"predecessor-version":[{"id":5906,"href":"https:\/\/www.terenos.ms.gov.br\/index.php?rest_route=\/wp\/v2\/posts\/5893\/revisions\/5906"}],"wp:featuredmedia":[{"embeddable":true,"href":"https:\/\/www.terenos.ms.gov.br\/index.php?rest_route=\/wp\/v2\/media\/5907"}],"wp:attachment":[{"href":"https:\/\/www.terenos.ms.gov.br\/index.php?rest_route=%2Fwp%2Fv2%2Fmedia&parent=5893"}],"wp:term":[{"taxonomy":"category","embeddable":true,"href":"https:\/\/www.terenos.ms.gov.br\/index.php?rest_route=%2Fwp%2Fv2%2Fcategories&post=5893"},{"taxonomy":"post_tag","embeddable":true,"href":"https:\/\/www.terenos.ms.gov.br\/index.php?rest_route=%2Fwp%2Fv2%2Ftags&post=5893"}],"curies":[{"name":"wp","href":"https:\/\/api.w.org\/{rel}","templated":true}]}}