{"id":5850,"date":"2023-08-30T10:28:15","date_gmt":"2023-08-30T14:28:15","guid":{"rendered":"https:\/\/www.terenos.ms.gov.br\/?p=5850"},"modified":"2023-08-30T10:56:33","modified_gmt":"2023-08-30T14:56:33","slug":"semana-do-meio-ambiente-entrega-de-squeeze-para-servidores","status":"publish","type":"post","link":"https:\/\/www.terenos.ms.gov.br\/?p=5850","title":{"rendered":"Semana do Meio Ambiente: Entrega de Squeeze para Servidores"},"content":{"rendered":"<p style=\"text-align: justify;\">Segunda-feira 12 de junho, com o intuito de aprofundar a conscientiza\u00e7\u00e3o entre os membros da equipe sobre a import\u00e2ncia vital da preserva\u00e7\u00e3o ambiental, a Secretaria de Desenvolvimento concretizou uma iniciativa admir\u00e1vel. No \u00e2mbito das celebra\u00e7\u00f5es da Semana do Meio Ambiente, uma a\u00e7\u00e3o not\u00e1vel foi posta em pr\u00e1tica: a distribui\u00e7\u00e3o de garrafas reutiliz\u00e1veis aos colaboradores. Esta medida estrat\u00e9gica foi cuidadosamente concebida com o objetivo primordial de reduzir significativamente o consumo de copos descart\u00e1veis no ambiente de trabalho.<\/p>\n<p style=\"text-align: justify;\">Ao abra\u00e7ar essa abordagem proativa, os resultados obtidos v\u00e3o muito al\u00e9m da simples economia de recursos. A redu\u00e7\u00e3o do uso de copos descart\u00e1veis representa um passo concreto em dire\u00e7\u00e3o \u00e0 preserva\u00e7\u00e3o dos ecossistemas fr\u00e1geis e \u00e0 mitiga\u00e7\u00e3o das consequ\u00eancias negativas da nossa pegada de pl\u00e1stico. Ao promover a transi\u00e7\u00e3o para garrafas reutiliz\u00e1veis, a Secretaria n\u00e3o apenas contribui para minimizar o impacto ambiental, mas tamb\u00e9m enfatiza a responsabilidade compartilhada de cada indiv\u00edduo na promo\u00e7\u00e3o da sustentabilidade.<\/p>\n<p><a href=\"http:\/\/www.terenos.ms.gov.br\/wp-content\/uploads\/IMG_1926-1.jpg\"><img decoding=\"async\" class=\"alignnone size-full wp-image-5855\" src=\"http:\/\/www.terenos.ms.gov.br\/wp-content\/uploads\/IMG_1926-1.jpg\" alt=\"\" width=\"4032\" height=\"2268\" \/><\/a><\/p>\n<p style=\"text-align: justify;\">Al\u00e9m do impacto direto na redu\u00e7\u00e3o de res\u00edduos pl\u00e1sticos, essa a\u00e7\u00e3o simboliza um compromisso coletivo com valores e pr\u00e1ticas ambientalmente conscientes. Ela inspira os colaboradores a repensarem seus h\u00e1bitos cotidianos, encorajando-os a encontrar maneiras adicionais de reduzir o desperd\u00edcio e adotar comportamentos mais ecoamig\u00e1veis. O simples ato de optar por uma garrafa reutiliz\u00e1vel n\u00e3o \u00e9 apenas uma escolha pr\u00e1tica, mas tamb\u00e9m uma declara\u00e7\u00e3o visual do comprometimento da equipe em preservar os recursos naturais para as gera\u00e7\u00f5es futuras.<\/p>\n<p style=\"text-align: justify;\">Ao celebrar a Semana do Meio Ambiente dessa maneira inovadora e proativa, a Secretaria de Desenvolvimento n\u00e3o somente elevou a conscientiza\u00e7\u00e3o sobre a urg\u00eancia da preserva\u00e7\u00e3o ambiental, mas tamb\u00e9m estabeleceu um exemplo inspirador para outras entidades. Esta iniciativa representa um passo valioso rumo a uma cultura de sustentabilidade mais s\u00f3lida, onde a conscientiza\u00e7\u00e3o e a a\u00e7\u00e3o convergem para criar um impacto positivo duradouro no nosso planeta.<\/p>\n\n\t\t<style type=\"text\/css\">\n\t\t\t#gallery-1 {\n\t\t\t\tmargin: auto;\n\t\t\t}\n\t\t\t#gallery-1 .gallery-item {\n\t\t\t\tfloat: left;\n\t\t\t\tmargin-top: 10px;\n\t\t\t\ttext-align: center;\n\t\t\t\twidth: 50%;\n\t\t\t}\n\t\t\t#gallery-1 img {\n\t\t\t\tborder: 2px solid #cfcfcf;\n\t\t\t}\n\t\t\t#gallery-1 .gallery-caption {\n\t\t\t\tmargin-left: 0;\n\t\t\t}\n\t\t\t\/* see gallery_shortcode() in wp-includes\/media.php *\/\n\t\t<\/style>\n\t\t<div id='gallery-1' class='gallery galleryid-5850 gallery-columns-2 gallery-size-medium'><dl class='gallery-item'>\n\t\t\t<dt class='gallery-icon landscape'>\n\t\t\t\t<a href='https:\/\/www.terenos.ms.gov.br\/?attachment_id=5871'><img decoding=\"async\" width=\"300\" height=\"135\" src=\"https:\/\/www.terenos.ms.gov.br\/wp-content\/uploads\/IMG-20230607-WA0011.jpg\" class=\"attachment-medium size-medium\" alt=\"\" \/><\/a>\n\t\t\t<\/dt><\/dl><dl class='gallery-item'>\n\t\t\t<dt class='gallery-icon landscape'>\n\t\t\t\t<a href='https:\/\/www.terenos.ms.gov.br\/?attachment_id=5870'><img decoding=\"async\" width=\"300\" height=\"225\" src=\"https:\/\/www.terenos.ms.gov.br\/wp-content\/uploads\/IMG-20230607-WA0010.jpg\" class=\"attachment-medium size-medium\" alt=\"\" \/><\/a>\n\t\t\t<\/dt><\/dl><br style=\"clear: both\" \/><dl class='gallery-item'>\n\t\t\t<dt class='gallery-icon portrait'>\n\t\t\t\t<a href='https:\/\/www.terenos.ms.gov.br\/?attachment_id=5869'><img decoding=\"async\" width=\"225\" height=\"300\" src=\"https:\/\/www.terenos.ms.gov.br\/wp-content\/uploads\/IMG-20230607-WA0009.jpg\" class=\"attachment-medium size-medium\" alt=\"\" \/><\/a>\n\t\t\t<\/dt><\/dl><dl class='gallery-item'>\n\t\t\t<dt class='gallery-icon portrait'>\n\t\t\t\t<a href='https:\/\/www.terenos.ms.gov.br\/?attachment_id=5868'><img decoding=\"async\" width=\"225\" height=\"300\" src=\"https:\/\/www.terenos.ms.gov.br\/wp-content\/uploads\/IMG-20230607-WA0008.jpg\" class=\"attachment-medium size-medium\" alt=\"\" \/><\/a>\n\t\t\t<\/dt><\/dl><br style=\"clear: both\" \/><dl class='gallery-item'>\n\t\t\t<dt class='gallery-icon portrait'>\n\t\t\t\t<a href='https:\/\/www.terenos.ms.gov.br\/?attachment_id=5867'><img decoding=\"async\" width=\"225\" height=\"300\" src=\"https:\/\/www.terenos.ms.gov.br\/wp-content\/uploads\/IMG-20230607-WA0007.jpg\" class=\"attachment-medium size-medium\" alt=\"\" \/><\/a>\n\t\t\t<\/dt><\/dl><dl class='gallery-item'>\n\t\t\t<dt class='gallery-icon portrait'>\n\t\t\t\t<a href='https:\/\/www.terenos.ms.gov.br\/?attachment_id=5852'><img decoding=\"async\" width=\"169\" height=\"300\" src=\"https:\/\/www.terenos.ms.gov.br\/wp-content\/uploads\/IMG_1948.jpg\" class=\"attachment-medium size-medium\" alt=\"\" \/><\/a>\n\t\t\t<\/dt><\/dl><br style=\"clear: both\" \/>\n\t\t<\/div>\n\n","protected":false},"excerpt":{"rendered":"<p>Segunda-feira 12 de junho, com o intuito de aprofundar a conscientiza\u00e7\u00e3o entre os membros da equipe sobre a import\u00e2ncia vital da preserva\u00e7\u00e3o ambiental, a Secretaria de Desenvolvimento concretizou uma iniciativa admir\u00e1vel. No \u00e2mbito das celebra\u00e7\u00f5es da Semana do Meio Ambiente, uma a\u00e7\u00e3o not\u00e1vel foi posta em pr\u00e1tica: a distribui\u00e7\u00e3o de garrafas reutiliz\u00e1veis aos colaboradores. Esta [&hellip;]<\/p>\n","protected":false},"author":5,"featured_media":5851,"comment_status":"closed","ping_status":"closed","sticky":false,"template":"","format":"standard","meta":{"_et_pb_use_builder":"","_et_pb_old_content":"","_et_gb_content_width":"","footnotes":""},"categories":[52,50],"tags":[],"class_list":["post-5850","post","type-post","status-publish","format-standard","has-post-thumbnail","hentry","category-desenvolvimento-agrario","category-meio-ambiente"],"_links":{"self":[{"href":"https:\/\/www.terenos.ms.gov.br\/index.php?rest_route=\/wp\/v2\/posts\/5850","targetHints":{"allow":["GET"]}}],"collection":[{"href":"https:\/\/www.terenos.ms.gov.br\/index.php?rest_route=\/wp\/v2\/posts"}],"about":[{"href":"https:\/\/www.terenos.ms.gov.br\/index.php?rest_route=\/wp\/v2\/types\/post"}],"author":[{"embeddable":true,"href":"https:\/\/www.terenos.ms.gov.br\/index.php?rest_route=\/wp\/v2\/users\/5"}],"replies":[{"embeddable":true,"href":"https:\/\/www.terenos.ms.gov.br\/index.php?rest_route=%2Fwp%2Fv2%2Fcomments&post=5850"}],"version-history":[{"count":3,"href":"https:\/\/www.terenos.ms.gov.br\/index.php?rest_route=\/wp\/v2\/posts\/5850\/revisions"}],"predecessor-version":[{"id":5872,"href":"https:\/\/www.terenos.ms.gov.br\/index.php?rest_route=\/wp\/v2\/posts\/5850\/revisions\/5872"}],"wp:featuredmedia":[{"embeddable":true,"href":"https:\/\/www.terenos.ms.gov.br\/index.php?rest_route=\/wp\/v2\/media\/5851"}],"wp:attachment":[{"href":"https:\/\/www.terenos.ms.gov.br\/index.php?rest_route=%2Fwp%2Fv2%2Fmedia&parent=5850"}],"wp:term":[{"taxonomy":"category","embeddable":true,"href":"https:\/\/www.terenos.ms.gov.br\/index.php?rest_route=%2Fwp%2Fv2%2Fcategories&post=5850"},{"taxonomy":"post_tag","embeddable":true,"href":"https:\/\/www.terenos.ms.gov.br\/index.php?rest_route=%2Fwp%2Fv2%2Ftags&post=5850"}],"curies":[{"name":"wp","href":"https:\/\/api.w.org\/{rel}","templated":true}]}}