{"id":5841,"date":"2023-08-30T10:12:36","date_gmt":"2023-08-30T14:12:36","guid":{"rendered":"https:\/\/www.terenos.ms.gov.br\/?p=5841"},"modified":"2023-08-30T10:49:43","modified_gmt":"2023-08-30T14:49:43","slug":"semana-do-meio-ambiente-palestra-com-profissionais-encarregados-da-selecao-de-materiais-reciclaveis","status":"publish","type":"post","link":"https:\/\/www.terenos.ms.gov.br\/?p=5841","title":{"rendered":"Semana do Meio Ambiente: Palestra com profissionais encarregados da sele\u00e7\u00e3o de materiais recicl\u00e1veis."},"content":{"rendered":"<p style=\"text-align: justify;\">Ter\u00e7a-feira 6 de junho, no seguimento das a\u00e7\u00f5es programadas para a Semana do Meio Ambiente, a Secretaria de Desenvolvimento uniu esfor\u00e7os com a empresa Morhena para promover um evento educativo de grande relev\u00e2ncia. Nesse contexto, uma palestra esclarecedora foi conduzida, destinada a orientar os profissionais encarregados da sele\u00e7\u00e3o de materiais recicl\u00e1veis.<\/p>\n<p style=\"text-align: justify;\">O objetivo central da palestra consistiu em fornecer orienta\u00e7\u00f5es valiosas sobre as melhores pr\u00e1ticas de separa\u00e7\u00e3o de res\u00edduos. Com o intuito de maximizar a efici\u00eancia e a qualidade do trabalho desempenhado, foram abordados t\u00f3picos cruciais, como a correta separa\u00e7\u00e3o dos diversos tipos de materiais recicl\u00e1veis e a identifica\u00e7\u00e3o dos equipamentos adequados para essa finalidade.<\/p>\n<p style=\"text-align: justify;\">Ao enfatizar a import\u00e2ncia de uma abordagem criteriosa no processo de sele\u00e7\u00e3o de materiais, a palestra visou n\u00e3o apenas a otimiza\u00e7\u00e3o das opera\u00e7\u00f5es di\u00e1rias, mas tamb\u00e9m a contribui\u00e7\u00e3o direta para a preserva\u00e7\u00e3o do meio ambiente. A parceria entre a Secretaria de Desenvolvimento e a Morhena<\/p>\n<p style=\"text-align: justify;\">evidencia o compromisso conjunto em promover pr\u00e1ticas mais sustent\u00e1veis, alinhadas com a conscientiza\u00e7\u00e3o ambiental que a Semana do Meio Ambiente prop\u00f5e.<\/p>\n<p style=\"text-align: justify;\">Esse evento se torna um marco significativo no esfor\u00e7o cont\u00ednuo para promover a conscientiza\u00e7\u00e3o ambiental e aprimorar as a\u00e7\u00f5es voltadas \u00e0 reciclagem e ao reaproveitamento de materiais. Com a dissemina\u00e7\u00e3o do conhecimento compartilhado durante a palestra, espera-se que os selecionadores de materiais recicl\u00e1veis possam desempenhar suas fun\u00e7\u00f5es de maneira mais eficaz e, consequentemente, contribuir para um ambiente mais limpo e sustent\u00e1vel.<\/p>\n\n\t\t<style type=\"text\/css\">\n\t\t\t#gallery-1 {\n\t\t\t\tmargin: auto;\n\t\t\t}\n\t\t\t#gallery-1 .gallery-item {\n\t\t\t\tfloat: left;\n\t\t\t\tmargin-top: 10px;\n\t\t\t\ttext-align: center;\n\t\t\t\twidth: 33%;\n\t\t\t}\n\t\t\t#gallery-1 img {\n\t\t\t\tborder: 2px solid #cfcfcf;\n\t\t\t}\n\t\t\t#gallery-1 .gallery-caption {\n\t\t\t\tmargin-left: 0;\n\t\t\t}\n\t\t\t\/* see gallery_shortcode() in wp-includes\/media.php *\/\n\t\t<\/style>\n\t\t<div id='gallery-1' class='gallery galleryid-5841 gallery-columns-3 gallery-size-medium'><dl class='gallery-item'>\n\t\t\t<dt class='gallery-icon landscape'>\n\t\t\t\t<a href='https:\/\/www.terenos.ms.gov.br\/?attachment_id=5848'><img decoding=\"async\" width=\"300\" height=\"169\" src=\"https:\/\/www.terenos.ms.gov.br\/wp-content\/uploads\/IMG_1884.jpg\" class=\"attachment-medium size-medium\" alt=\"\" \/><\/a>\n\t\t\t<\/dt><\/dl><dl class='gallery-item'>\n\t\t\t<dt class='gallery-icon landscape'>\n\t\t\t\t<a href='https:\/\/www.terenos.ms.gov.br\/?attachment_id=5847'><img decoding=\"async\" width=\"300\" height=\"169\" src=\"https:\/\/www.terenos.ms.gov.br\/wp-content\/uploads\/IMG_1894.jpg\" class=\"attachment-medium size-medium\" alt=\"\" \/><\/a>\n\t\t\t<\/dt><\/dl><dl class='gallery-item'>\n\t\t\t<dt class='gallery-icon landscape'>\n\t\t\t\t<a href='https:\/\/www.terenos.ms.gov.br\/?attachment_id=5846'><img decoding=\"async\" width=\"300\" height=\"169\" src=\"https:\/\/www.terenos.ms.gov.br\/wp-content\/uploads\/IMG_1898.jpg\" class=\"attachment-medium size-medium\" alt=\"\" \/><\/a>\n\t\t\t<\/dt><\/dl><br style=\"clear: both\" \/>\n\t\t<\/div>\n\n","protected":false},"excerpt":{"rendered":"<p>Ter\u00e7a-feira 6 de junho, no seguimento das a\u00e7\u00f5es programadas para a Semana do Meio Ambiente, a Secretaria de Desenvolvimento uniu esfor\u00e7os com a empresa Morhena para promover um evento educativo de grande relev\u00e2ncia. Nesse contexto, uma palestra esclarecedora foi conduzida, destinada a orientar os profissionais encarregados da sele\u00e7\u00e3o de materiais recicl\u00e1veis. O objetivo central da [&hellip;]<\/p>\n","protected":false},"author":5,"featured_media":5844,"comment_status":"closed","ping_status":"closed","sticky":false,"template":"","format":"standard","meta":{"_et_pb_use_builder":"","_et_pb_old_content":"","_et_gb_content_width":"","footnotes":""},"categories":[52,50,1],"tags":[],"class_list":["post-5841","post","type-post","status-publish","format-standard","has-post-thumbnail","hentry","category-desenvolvimento-agrario","category-meio-ambiente","category-sem-categoria"],"_links":{"self":[{"href":"https:\/\/www.terenos.ms.gov.br\/index.php?rest_route=\/wp\/v2\/posts\/5841","targetHints":{"allow":["GET"]}}],"collection":[{"href":"https:\/\/www.terenos.ms.gov.br\/index.php?rest_route=\/wp\/v2\/posts"}],"about":[{"href":"https:\/\/www.terenos.ms.gov.br\/index.php?rest_route=\/wp\/v2\/types\/post"}],"author":[{"embeddable":true,"href":"https:\/\/www.terenos.ms.gov.br\/index.php?rest_route=\/wp\/v2\/users\/5"}],"replies":[{"embeddable":true,"href":"https:\/\/www.terenos.ms.gov.br\/index.php?rest_route=%2Fwp%2Fv2%2Fcomments&post=5841"}],"version-history":[{"count":3,"href":"https:\/\/www.terenos.ms.gov.br\/index.php?rest_route=\/wp\/v2\/posts\/5841\/revisions"}],"predecessor-version":[{"id":5863,"href":"https:\/\/www.terenos.ms.gov.br\/index.php?rest_route=\/wp\/v2\/posts\/5841\/revisions\/5863"}],"wp:featuredmedia":[{"embeddable":true,"href":"https:\/\/www.terenos.ms.gov.br\/index.php?rest_route=\/wp\/v2\/media\/5844"}],"wp:attachment":[{"href":"https:\/\/www.terenos.ms.gov.br\/index.php?rest_route=%2Fwp%2Fv2%2Fmedia&parent=5841"}],"wp:term":[{"taxonomy":"category","embeddable":true,"href":"https:\/\/www.terenos.ms.gov.br\/index.php?rest_route=%2Fwp%2Fv2%2Fcategories&post=5841"},{"taxonomy":"post_tag","embeddable":true,"href":"https:\/\/www.terenos.ms.gov.br\/index.php?rest_route=%2Fwp%2Fv2%2Ftags&post=5841"}],"curies":[{"name":"wp","href":"https:\/\/api.w.org\/{rel}","templated":true}]}}