{"id":5838,"date":"2023-08-30T10:03:57","date_gmt":"2023-08-30T14:03:57","guid":{"rendered":"https:\/\/www.terenos.ms.gov.br\/?p=5838"},"modified":"2023-08-30T10:51:53","modified_gmt":"2023-08-30T14:51:53","slug":"semana-do-meio-ambiente-plantio-de-mudas","status":"publish","type":"post","link":"https:\/\/www.terenos.ms.gov.br\/?p=5838","title":{"rendered":"Semana do Meio Ambiente: Plantio de Mudas"},"content":{"rendered":"<p style=\"text-align: justify;\">Segunda-feira 5 de junho, atrav\u00e9s da Secretaria de Meio Ambiente, a Prefeitura de Terenos promoveu a Semana do Meio Ambiente, dando in\u00edcio \u00e0s atividades com a planta\u00e7\u00e3o de mudas.<\/p>\n<p style=\"text-align: justify;\">Nesse contexto, a Prefeitura e a Secretaria de Desenvolvimento uniram esfor\u00e7os para ressaltar a import\u00e2ncia da conscientiza\u00e7\u00e3o ambiental. A decis\u00e3o de come\u00e7ar com o plantio de mudas enfatizou o valor de cuidar e preservar o ambiente ao nosso redor.<\/p>\n<p style=\"text-align: justify;\">A Semana do Meio Ambiente, inaugurada dessa forma, n\u00e3o se limitou a essa \u00fanica a\u00e7\u00e3o. Seu objetivo foi instruir e incentivar a ado\u00e7\u00e3o de pr\u00e1ticas di\u00e1rias que visem proteger e valorizar o meio ambiente.<\/p>\n<p style=\"text-align: justify;\">A iniciativa, realizada sob a coordena\u00e7\u00e3o da Secretaria de Desenvolvimento em colabora\u00e7\u00e3o com a Prefeitura de Terenos, delineou um compromisso em prol do ecossistema. Isso se traduz como um testemunho da responsabilidade institucional na busca por um futuro sustent\u00e1vel.<\/p>\n","protected":false},"excerpt":{"rendered":"<p>Segunda-feira 5 de junho, atrav\u00e9s da Secretaria de Meio Ambiente, a Prefeitura de Terenos promoveu a Semana do Meio Ambiente, dando in\u00edcio \u00e0s atividades com a planta\u00e7\u00e3o de mudas. Nesse contexto, a Prefeitura e a Secretaria de Desenvolvimento uniram esfor\u00e7os para ressaltar a import\u00e2ncia da conscientiza\u00e7\u00e3o ambiental. A decis\u00e3o de come\u00e7ar com o plantio de [&hellip;]<\/p>\n","protected":false},"author":5,"featured_media":5839,"comment_status":"closed","ping_status":"closed","sticky":false,"template":"","format":"standard","meta":{"_et_pb_use_builder":"","_et_pb_old_content":"","_et_gb_content_width":"","footnotes":""},"categories":[52,50],"tags":[],"class_list":["post-5838","post","type-post","status-publish","format-standard","has-post-thumbnail","hentry","category-desenvolvimento-agrario","category-meio-ambiente"],"_links":{"self":[{"href":"https:\/\/www.terenos.ms.gov.br\/index.php?rest_route=\/wp\/v2\/posts\/5838","targetHints":{"allow":["GET"]}}],"collection":[{"href":"https:\/\/www.terenos.ms.gov.br\/index.php?rest_route=\/wp\/v2\/posts"}],"about":[{"href":"https:\/\/www.terenos.ms.gov.br\/index.php?rest_route=\/wp\/v2\/types\/post"}],"author":[{"embeddable":true,"href":"https:\/\/www.terenos.ms.gov.br\/index.php?rest_route=\/wp\/v2\/users\/5"}],"replies":[{"embeddable":true,"href":"https:\/\/www.terenos.ms.gov.br\/index.php?rest_route=%2Fwp%2Fv2%2Fcomments&post=5838"}],"version-history":[{"count":2,"href":"https:\/\/www.terenos.ms.gov.br\/index.php?rest_route=\/wp\/v2\/posts\/5838\/revisions"}],"predecessor-version":[{"id":5866,"href":"https:\/\/www.terenos.ms.gov.br\/index.php?rest_route=\/wp\/v2\/posts\/5838\/revisions\/5866"}],"wp:featuredmedia":[{"embeddable":true,"href":"https:\/\/www.terenos.ms.gov.br\/index.php?rest_route=\/wp\/v2\/media\/5839"}],"wp:attachment":[{"href":"https:\/\/www.terenos.ms.gov.br\/index.php?rest_route=%2Fwp%2Fv2%2Fmedia&parent=5838"}],"wp:term":[{"taxonomy":"category","embeddable":true,"href":"https:\/\/www.terenos.ms.gov.br\/index.php?rest_route=%2Fwp%2Fv2%2Fcategories&post=5838"},{"taxonomy":"post_tag","embeddable":true,"href":"https:\/\/www.terenos.ms.gov.br\/index.php?rest_route=%2Fwp%2Fv2%2Ftags&post=5838"}],"curies":[{"name":"wp","href":"https:\/\/api.w.org\/{rel}","templated":true}]}}