{"id":5779,"date":"2023-08-17T08:10:50","date_gmt":"2023-08-17T12:10:50","guid":{"rendered":"https:\/\/www.terenos.ms.gov.br\/?p=5779"},"modified":"2023-08-17T08:19:08","modified_gmt":"2023-08-17T12:19:08","slug":"acao-do-programa-bolsa-familia","status":"publish","type":"post","link":"https:\/\/www.terenos.ms.gov.br\/?p=5779","title":{"rendered":"A\u00e7\u00e3o do Programa Bolsa Fam\u00edlia"},"content":{"rendered":"<p style=\"text-align: justify;\">A Secretaria Municipal de Assist\u00eancia Social, em colabora\u00e7\u00e3o com as Secretarias de Educa\u00e7\u00e3o e Sa\u00fade, promoveu mais uma edi\u00e7\u00e3o da A\u00e7\u00e3o do Programa Bolsa Fam\u00edlia, em parceria com a Subsecretaria de Pol\u00edticas P\u00fablicas para as Mulheres. As fam\u00edlias benefici\u00e1rias participaram de uma palestra relacionada \u00e0 Campanha Agosto Lil\u00e1s, al\u00e9m de receberem orienta\u00e7\u00f5es sobre vacina\u00e7\u00e3o e pesagem.<\/p>\n<p style=\"text-align: justify;\">Durante o evento, tamb\u00e9m foram fornecidas instru\u00e7\u00f5es sobre Sa\u00fade Bucal, e contou com a presen\u00e7a do mascote Dentinho trouxe muita alegria \u00e0s crian\u00e7as.<\/p>\n<p style=\"text-align: justify;\">Um agradecimento especial \u00e9 direcionado \u00e0 Sra. Cristiane Sant&#8217;Anna de Oliveira, Subsecret\u00e1ria de Pol\u00edticas P\u00fablicas para Mulheres de MS, pelo seu envolvimento e apoio.<\/p>\n<p style=\"text-align: justify;\">Embora o n\u00famero oficial de fam\u00edlias presentes tenha sido 179, o evento contou com a presen\u00e7a de aproximadamente 250 pessoas, incluindo as crian\u00e7as.<\/p>\n\n\t\t<style type=\"text\/css\">\n\t\t\t#gallery-1 {\n\t\t\t\tmargin: auto;\n\t\t\t}\n\t\t\t#gallery-1 .gallery-item {\n\t\t\t\tfloat: left;\n\t\t\t\tmargin-top: 10px;\n\t\t\t\ttext-align: center;\n\t\t\t\twidth: 33%;\n\t\t\t}\n\t\t\t#gallery-1 img {\n\t\t\t\tborder: 2px solid #cfcfcf;\n\t\t\t}\n\t\t\t#gallery-1 .gallery-caption {\n\t\t\t\tmargin-left: 0;\n\t\t\t}\n\t\t\t\/* see gallery_shortcode() in wp-includes\/media.php *\/\n\t\t<\/style>\n\t\t<div id='gallery-1' class='gallery galleryid-5779 gallery-columns-3 gallery-size-medium'><dl class='gallery-item'>\n\t\t\t<dt class='gallery-icon landscape'>\n\t\t\t\t<a href='https:\/\/www.terenos.ms.gov.br\/?attachment_id=5784'><img decoding=\"async\" width=\"300\" height=\"225\" src=\"https:\/\/www.terenos.ms.gov.br\/wp-content\/uploads\/WhatsApp-Image-2023-08-16-at-15.55.34.jpeg\" class=\"attachment-medium size-medium\" alt=\"\" \/><\/a>\n\t\t\t<\/dt><\/dl><dl class='gallery-item'>\n\t\t\t<dt class='gallery-icon landscape'>\n\t\t\t\t<a href='https:\/\/www.terenos.ms.gov.br\/?attachment_id=5783'><img decoding=\"async\" width=\"300\" height=\"225\" src=\"https:\/\/www.terenos.ms.gov.br\/wp-content\/uploads\/WhatsApp-Image-2023-08-16-at-15.56.39.jpeg\" class=\"attachment-medium size-medium\" alt=\"\" \/><\/a>\n\t\t\t<\/dt><\/dl><dl class='gallery-item'>\n\t\t\t<dt class='gallery-icon landscape'>\n\t\t\t\t<a href='https:\/\/www.terenos.ms.gov.br\/?attachment_id=5786'><img decoding=\"async\" width=\"300\" height=\"234\" src=\"https:\/\/www.terenos.ms.gov.br\/wp-content\/uploads\/WhatsApp-Image-2023-08-16-at-15.55.35-2.jpeg\" class=\"attachment-medium size-medium\" alt=\"\" \/><\/a>\n\t\t\t<\/dt><\/dl><br style=\"clear: both\" \/>\n\t\t<\/div>\n\n","protected":false},"excerpt":{"rendered":"<p>A Secretaria Municipal de Assist\u00eancia Social, em colabora\u00e7\u00e3o com as Secretarias de Educa\u00e7\u00e3o e Sa\u00fade, promoveu mais uma edi\u00e7\u00e3o da A\u00e7\u00e3o do Programa Bolsa Fam\u00edlia, em parceria com a Subsecretaria de Pol\u00edticas P\u00fablicas para as Mulheres. As fam\u00edlias benefici\u00e1rias participaram de uma palestra relacionada \u00e0 Campanha Agosto Lil\u00e1s, al\u00e9m de receberem orienta\u00e7\u00f5es sobre vacina\u00e7\u00e3o e [&hellip;]<\/p>\n","protected":false},"author":5,"featured_media":5781,"comment_status":"closed","ping_status":"closed","sticky":false,"template":"","format":"standard","meta":{"_et_pb_use_builder":"","_et_pb_old_content":"","_et_gb_content_width":"","footnotes":""},"categories":[49],"tags":[],"class_list":["post-5779","post","type-post","status-publish","format-standard","has-post-thumbnail","hentry","category-assistencia-social"],"_links":{"self":[{"href":"https:\/\/www.terenos.ms.gov.br\/index.php?rest_route=\/wp\/v2\/posts\/5779","targetHints":{"allow":["GET"]}}],"collection":[{"href":"https:\/\/www.terenos.ms.gov.br\/index.php?rest_route=\/wp\/v2\/posts"}],"about":[{"href":"https:\/\/www.terenos.ms.gov.br\/index.php?rest_route=\/wp\/v2\/types\/post"}],"author":[{"embeddable":true,"href":"https:\/\/www.terenos.ms.gov.br\/index.php?rest_route=\/wp\/v2\/users\/5"}],"replies":[{"embeddable":true,"href":"https:\/\/www.terenos.ms.gov.br\/index.php?rest_route=%2Fwp%2Fv2%2Fcomments&post=5779"}],"version-history":[{"count":2,"href":"https:\/\/www.terenos.ms.gov.br\/index.php?rest_route=\/wp\/v2\/posts\/5779\/revisions"}],"predecessor-version":[{"id":5789,"href":"https:\/\/www.terenos.ms.gov.br\/index.php?rest_route=\/wp\/v2\/posts\/5779\/revisions\/5789"}],"wp:featuredmedia":[{"embeddable":true,"href":"https:\/\/www.terenos.ms.gov.br\/index.php?rest_route=\/wp\/v2\/media\/5781"}],"wp:attachment":[{"href":"https:\/\/www.terenos.ms.gov.br\/index.php?rest_route=%2Fwp%2Fv2%2Fmedia&parent=5779"}],"wp:term":[{"taxonomy":"category","embeddable":true,"href":"https:\/\/www.terenos.ms.gov.br\/index.php?rest_route=%2Fwp%2Fv2%2Fcategories&post=5779"},{"taxonomy":"post_tag","embeddable":true,"href":"https:\/\/www.terenos.ms.gov.br\/index.php?rest_route=%2Fwp%2Fv2%2Ftags&post=5779"}],"curies":[{"name":"wp","href":"https:\/\/api.w.org\/{rel}","templated":true}]}}