{"id":5668,"date":"2023-07-13T12:14:06","date_gmt":"2023-07-13T16:14:06","guid":{"rendered":"https:\/\/www.terenos.ms.gov.br\/?p=5668"},"modified":"2023-07-13T12:24:52","modified_gmt":"2023-07-13T16:24:52","slug":"capacitacao-de-plantas-medicinais-fitoterapia-e-aromaterapia","status":"publish","type":"post","link":"https:\/\/www.terenos.ms.gov.br\/?p=5668","title":{"rendered":"Capacita\u00e7\u00e3o de plantas medicinais, fitoterapia e aromaterapia."},"content":{"rendered":"<p style=\"text-align: justify;\">No dia 7 de julho, ocorreu no munic\u00edpio uma capacita\u00e7\u00e3o ministrada pelo farmac\u00eautico Lucas, direcionada aos profissionais de sa\u00fade. O tema abordado foi o uso de plantas medicinais, fitoterapia e aromaterapia. Essa iniciativa faz parte das Pr\u00e1ticas Integrativas e Complementares de Sa\u00fade (PICS), as quais englobam tamb\u00e9m medita\u00e7\u00e3o, reiki, cromoterapia, entre outras, oferecidas no munic\u00edpio de Coxim, MS. Essa a\u00e7\u00e3o de educa\u00e7\u00e3o permanente reflete a parceria intermunicipal entre as prefeituras e secretarias de sa\u00fade de Coxim e Terenos.<\/p>\n<p style=\"text-align: justify;\">De acordo com Lucas Silva Peixoto, o objetivo dessa capacita\u00e7\u00e3o \u00e9 de suma import\u00e2ncia para os profissionais de sa\u00fade em Terenos. Durante o evento, foram discutidas as PICS, que s\u00e3o pr\u00e1ticas complementares ao Sistema \u00danico de Sa\u00fade (SUS), visando promover a qualidade de vida e o bem-estar dos usu\u00e1rios. A capacita\u00e7\u00e3o proporcionou informa\u00e7\u00f5es sobre o uso adequado das plantas medicinais, incluindo o armazenamento, contraindica\u00e7\u00f5es e resgate do conhecimento popular da comunidade. Uma vez que os profissionais de sa\u00fade est\u00e3o em contato direto com os pacientes, eles poder\u00e3o orientar de forma mais eficaz sobre o uso racional das plantas medicinais. Al\u00e9m disso, foram abordados os benef\u00edcios terap\u00eauticos dos banhos arom\u00e1ticos com plantas arom\u00e1ticas, promovendo a sa\u00fade dos pacientes.<\/p>\n<p style=\"text-align: justify;\">As Pr\u00e1ticas Integrativas e Complementares de Sa\u00fade t\u00eam como objetivo promover a sa\u00fade e o bem-estar dos pacientes.<\/p>\n<p style=\"text-align: justify;\">Al\u00e9m disso, gostar\u00edamos de expressar nosso sincero agradecimento ao farmac\u00eautico Lucas Silva Peixoto, respons\u00e1vel por ministrar a capacita\u00e7\u00e3o em Terenos.\u00a0 Agradecemos por compartilhar seu conhecimento e contribuir para o aprimoramento dos cuidados de sa\u00fade na comunidade. Sua participa\u00e7\u00e3o foi de extrema import\u00e2ncia e estamos gratos pela valiosa contribui\u00e7\u00e3o que voc\u00ea trouxe para essa capacita\u00e7\u00e3o.<\/p>\n<p>&nbsp;<\/p>\n\n\t\t<style type=\"text\/css\">\n\t\t\t#gallery-1 {\n\t\t\t\tmargin: auto;\n\t\t\t}\n\t\t\t#gallery-1 .gallery-item {\n\t\t\t\tfloat: left;\n\t\t\t\tmargin-top: 10px;\n\t\t\t\ttext-align: center;\n\t\t\t\twidth: 50%;\n\t\t\t}\n\t\t\t#gallery-1 img {\n\t\t\t\tborder: 2px solid #cfcfcf;\n\t\t\t}\n\t\t\t#gallery-1 .gallery-caption {\n\t\t\t\tmargin-left: 0;\n\t\t\t}\n\t\t\t\/* see gallery_shortcode() in wp-includes\/media.php *\/\n\t\t<\/style>\n\t\t<div id='gallery-1' class='gallery galleryid-5668 gallery-columns-2 gallery-size-medium'><dl class='gallery-item'>\n\t\t\t<dt class='gallery-icon landscape'>\n\t\t\t\t<a href='https:\/\/www.terenos.ms.gov.br\/?attachment_id=5676'><img decoding=\"async\" width=\"300\" height=\"169\" src=\"https:\/\/www.terenos.ms.gov.br\/wp-content\/uploads\/IMG_3824.jpg\" class=\"attachment-medium size-medium\" alt=\"\" \/><\/a>\n\t\t\t<\/dt><\/dl><dl class='gallery-item'>\n\t\t\t<dt class='gallery-icon landscape'>\n\t\t\t\t<a href='https:\/\/www.terenos.ms.gov.br\/?attachment_id=5678'><img decoding=\"async\" width=\"300\" height=\"169\" src=\"https:\/\/www.terenos.ms.gov.br\/wp-content\/uploads\/IMG_3849-1.jpg\" class=\"attachment-medium size-medium\" alt=\"\" \/><\/a>\n\t\t\t<\/dt><\/dl><br style=\"clear: both\" \/><dl class='gallery-item'>\n\t\t\t<dt class='gallery-icon landscape'>\n\t\t\t\t<a href='https:\/\/www.terenos.ms.gov.br\/?attachment_id=5677'><img decoding=\"async\" width=\"300\" height=\"169\" src=\"https:\/\/www.terenos.ms.gov.br\/wp-content\/uploads\/IMG_3810.jpg\" class=\"attachment-medium size-medium\" alt=\"\" \/><\/a>\n\t\t\t<\/dt><\/dl><dl class='gallery-item'>\n\t\t\t<dt class='gallery-icon landscape'>\n\t\t\t\t<a href='https:\/\/www.terenos.ms.gov.br\/?attachment_id=5675'><img decoding=\"async\" width=\"300\" height=\"169\" src=\"https:\/\/www.terenos.ms.gov.br\/wp-content\/uploads\/IMG_3829.jpg\" class=\"attachment-medium size-medium\" alt=\"\" \/><\/a>\n\t\t\t<\/dt><\/dl><br style=\"clear: both\" \/><dl class='gallery-item'>\n\t\t\t<dt class='gallery-icon landscape'>\n\t\t\t\t<a href='https:\/\/www.terenos.ms.gov.br\/?attachment_id=5674'><img decoding=\"async\" width=\"300\" height=\"169\" src=\"https:\/\/www.terenos.ms.gov.br\/wp-content\/uploads\/IMG_3835.jpg\" class=\"attachment-medium size-medium\" alt=\"\" \/><\/a>\n\t\t\t<\/dt><\/dl><dl class='gallery-item'>\n\t\t\t<dt class='gallery-icon landscape'>\n\t\t\t\t<a href='https:\/\/www.terenos.ms.gov.br\/?attachment_id=5673'><img decoding=\"async\" width=\"300\" height=\"169\" src=\"https:\/\/www.terenos.ms.gov.br\/wp-content\/uploads\/IMG_3838.jpg\" class=\"attachment-medium size-medium\" alt=\"\" \/><\/a>\n\t\t\t<\/dt><\/dl><br style=\"clear: both\" \/>\n\t\t<\/div>\n\n","protected":false},"excerpt":{"rendered":"<p>No dia 7 de julho, ocorreu no munic\u00edpio uma capacita\u00e7\u00e3o ministrada pelo farmac\u00eautico Lucas, direcionada aos profissionais de sa\u00fade. O tema abordado foi o uso de plantas medicinais, fitoterapia e aromaterapia. Essa iniciativa faz parte das Pr\u00e1ticas Integrativas e Complementares de Sa\u00fade (PICS), as quais englobam tamb\u00e9m medita\u00e7\u00e3o, reiki, cromoterapia, entre outras, oferecidas no munic\u00edpio [&hellip;]<\/p>\n","protected":false},"author":5,"featured_media":5669,"comment_status":"closed","ping_status":"closed","sticky":false,"template":"","format":"standard","meta":{"_et_pb_use_builder":"","_et_pb_old_content":"","_et_gb_content_width":"","footnotes":""},"categories":[14],"tags":[],"class_list":["post-5668","post","type-post","status-publish","format-standard","has-post-thumbnail","hentry","category-saude"],"_links":{"self":[{"href":"https:\/\/www.terenos.ms.gov.br\/index.php?rest_route=\/wp\/v2\/posts\/5668","targetHints":{"allow":["GET"]}}],"collection":[{"href":"https:\/\/www.terenos.ms.gov.br\/index.php?rest_route=\/wp\/v2\/posts"}],"about":[{"href":"https:\/\/www.terenos.ms.gov.br\/index.php?rest_route=\/wp\/v2\/types\/post"}],"author":[{"embeddable":true,"href":"https:\/\/www.terenos.ms.gov.br\/index.php?rest_route=\/wp\/v2\/users\/5"}],"replies":[{"embeddable":true,"href":"https:\/\/www.terenos.ms.gov.br\/index.php?rest_route=%2Fwp%2Fv2%2Fcomments&post=5668"}],"version-history":[{"count":3,"href":"https:\/\/www.terenos.ms.gov.br\/index.php?rest_route=\/wp\/v2\/posts\/5668\/revisions"}],"predecessor-version":[{"id":5679,"href":"https:\/\/www.terenos.ms.gov.br\/index.php?rest_route=\/wp\/v2\/posts\/5668\/revisions\/5679"}],"wp:featuredmedia":[{"embeddable":true,"href":"https:\/\/www.terenos.ms.gov.br\/index.php?rest_route=\/wp\/v2\/media\/5669"}],"wp:attachment":[{"href":"https:\/\/www.terenos.ms.gov.br\/index.php?rest_route=%2Fwp%2Fv2%2Fmedia&parent=5668"}],"wp:term":[{"taxonomy":"category","embeddable":true,"href":"https:\/\/www.terenos.ms.gov.br\/index.php?rest_route=%2Fwp%2Fv2%2Fcategories&post=5668"},{"taxonomy":"post_tag","embeddable":true,"href":"https:\/\/www.terenos.ms.gov.br\/index.php?rest_route=%2Fwp%2Fv2%2Ftags&post=5668"}],"curies":[{"name":"wp","href":"https:\/\/api.w.org\/{rel}","templated":true}]}}