{"id":5478,"date":"2023-06-14T08:11:54","date_gmt":"2023-06-14T12:11:54","guid":{"rendered":"https:\/\/www.terenos.ms.gov.br\/?p=5478"},"modified":"2023-06-14T10:20:30","modified_gmt":"2023-06-14T14:20:30","slug":"processo-de-escolha-do-conselho-tutelar-de-terenos-ms","status":"publish","type":"post","link":"https:\/\/www.terenos.ms.gov.br\/?p=5478","title":{"rendered":"PROCESSO DE ESCOLHA DO CONSELHO TUTELAR DE TERENOS-\/MS"},"content":{"rendered":"<p style=\"text-align: justify;\">DIVULGA\u00c7\u00c3O DA LISTA DE CANDIDATOS A PARTICIPAR DO PROCESSO DE ESCOLHA<\/p>\n<p style=\"text-align: justify;\">O Conselho Municipal dos Direitos da Crian\u00e7a e do Adolescente (CMDCA), por meio da Comiss\u00e3o Organizadora, divulga a popula\u00e7\u00e3o a lista dos Candidatos a participar do Processo de escolha dos Conselheiros Tutelares do munic\u00edpio de Terenos\/MS.<\/p>\n<p style=\"text-align: justify;\">O Processo de Escolha para Membros do Conselho Tutelar foi convocado atrav\u00e9s do Edital n\u00ba.01\/2023 e republicado no di\u00e1rio oficial da Associa\u00e7\u00e3o dos Munic\u00edpios de Mato Grosso do Sul, no dia 08\/05\/2023, edi\u00e7\u00e3o n\u00ba.3334.<\/p>\n<p style=\"text-align: justify;\">Os candidatos est\u00e3o concorrendo a 05 vagas de conselheiros tutelares titulares, e os demais ficam como suplente, os candidatos dever\u00e3o passar ainda pelas seguintes etapas: Prova Objetiva de Conhecimento Espec\u00edfico, Prova de Inform\u00e1tica e Entrevista para Avalia\u00e7\u00e3o Psicol\u00f3gica de Aptid\u00e3o.<\/p>\n<p style=\"text-align: justify;\">A elei\u00e7\u00e3o (escolha) est\u00e1 prevista para o dia 1\u00ba. de outubro de 2023 e a posse dos eleitos dia 10 de janeiro de 2024.<\/p>\n<p style=\"text-align: justify;\">Confira a lista dos candidatos:<\/p>\n<ol style=\"text-align: justify;\">\n<li>D\u00c1RIO DANIEL RAGUAZI.<\/li>\n<li>CARMEN L\u00c9IA MARQUES.<\/li>\n<li>K\u00c1TIA MARTHIS ISERNHAGEN.<\/li>\n<li>MA\u00cdSA LOPES GONZAGA DE ALMEIDA.<\/li>\n<li>EDILEUSA SOUZA DA SILVA RODRIGUES.<\/li>\n<li>KHALIL ISSAN PEREIRA LTAIF.<\/li>\n<li>TALISON EDUARDO DIAS CORR\u00caA.<\/li>\n<li>KELLY CRISTINA SIMOES DE SOUZA.<\/li>\n<li>IVONETE JOS\u00c9 OS\u00d3RIO.<\/li>\n<li>ARMIDES CARDOSO PEREIRA.<\/li>\n<li>ODINEI NEVES DOS SANTOS.<\/li>\n<li>PAULO REGINALDO DOS SANTOS.<\/li>\n<li>ANDERSON LUIZ BENITES.<\/li>\n<li>FRANCISCO SANDRO DE FREITAS.<\/li>\n<li>VALDIN\u00c9IA ROSA DA SILVA.<\/li>\n<li>ARIANY LETICIA PARENTI.<\/li>\n<\/ol>\n<p style=\"text-align: justify;\">Conforme edital qualquer cidad\u00e3o poder\u00e1 requerer a impugna\u00e7\u00e3o de candidatura, no prazo de 5 (cinco) dias contados a partir de 07\/06\/2023 a 16\/06\/2023, em peti\u00e7\u00e3o devidamente fundamentada com apresenta\u00e7\u00e3o de documentos e indica\u00e7\u00e3o de testemunhas, se for o caso.<\/p>\n<p style=\"text-align: justify;\">Caso haja alguma manifesta\u00e7\u00e3o por parte dos cidad\u00e3os, favor entrar em contato com o CMDCA, localizado na Secretaria de Assist\u00eancia Social ou atrav\u00e9s telefone (67) 99693-6500 whatsapp.<\/p>\n<p style=\"text-align: justify;\">\n","protected":false},"excerpt":{"rendered":"<p>DIVULGA\u00c7\u00c3O DA LISTA DE CANDIDATOS A PARTICIPAR DO PROCESSO DE ESCOLHA O Conselho Municipal dos Direitos da Crian\u00e7a e do Adolescente (CMDCA), por meio da Comiss\u00e3o Organizadora, divulga a popula\u00e7\u00e3o a lista dos Candidatos a participar do Processo de escolha dos Conselheiros Tutelares do munic\u00edpio de Terenos\/MS. O Processo de Escolha para Membros do Conselho [&hellip;]<\/p>\n","protected":false},"author":5,"featured_media":5486,"comment_status":"closed","ping_status":"closed","sticky":false,"template":"","format":"standard","meta":{"_et_pb_use_builder":"","_et_pb_old_content":"","_et_gb_content_width":"","footnotes":""},"categories":[49],"tags":[],"class_list":["post-5478","post","type-post","status-publish","format-standard","has-post-thumbnail","hentry","category-assistencia-social"],"_links":{"self":[{"href":"https:\/\/www.terenos.ms.gov.br\/index.php?rest_route=\/wp\/v2\/posts\/5478","targetHints":{"allow":["GET"]}}],"collection":[{"href":"https:\/\/www.terenos.ms.gov.br\/index.php?rest_route=\/wp\/v2\/posts"}],"about":[{"href":"https:\/\/www.terenos.ms.gov.br\/index.php?rest_route=\/wp\/v2\/types\/post"}],"author":[{"embeddable":true,"href":"https:\/\/www.terenos.ms.gov.br\/index.php?rest_route=\/wp\/v2\/users\/5"}],"replies":[{"embeddable":true,"href":"https:\/\/www.terenos.ms.gov.br\/index.php?rest_route=%2Fwp%2Fv2%2Fcomments&post=5478"}],"version-history":[{"count":2,"href":"https:\/\/www.terenos.ms.gov.br\/index.php?rest_route=\/wp\/v2\/posts\/5478\/revisions"}],"predecessor-version":[{"id":5487,"href":"https:\/\/www.terenos.ms.gov.br\/index.php?rest_route=\/wp\/v2\/posts\/5478\/revisions\/5487"}],"wp:featuredmedia":[{"embeddable":true,"href":"https:\/\/www.terenos.ms.gov.br\/index.php?rest_route=\/wp\/v2\/media\/5486"}],"wp:attachment":[{"href":"https:\/\/www.terenos.ms.gov.br\/index.php?rest_route=%2Fwp%2Fv2%2Fmedia&parent=5478"}],"wp:term":[{"taxonomy":"category","embeddable":true,"href":"https:\/\/www.terenos.ms.gov.br\/index.php?rest_route=%2Fwp%2Fv2%2Fcategories&post=5478"},{"taxonomy":"post_tag","embeddable":true,"href":"https:\/\/www.terenos.ms.gov.br\/index.php?rest_route=%2Fwp%2Fv2%2Ftags&post=5478"}],"curies":[{"name":"wp","href":"https:\/\/api.w.org\/{rel}","templated":true}]}}