{"id":5214,"date":"2023-04-15T07:57:42","date_gmt":"2023-04-15T11:57:42","guid":{"rendered":"https:\/\/www.terenos.ms.gov.br\/?p=5214"},"modified":"2023-04-16T09:09:13","modified_gmt":"2023-04-16T13:09:13","slug":"que-sejamos-os-que-promovem-a","status":"publish","type":"post","link":"https:\/\/www.terenos.ms.gov.br\/?p=5214","title":{"rendered":"Que sejamos os que promovem a Paz"},"content":{"rendered":"<p dir=\"auto\" style=\"text-align: justify;\">Recentemente, em um ato de amor e prote\u00e7\u00e3o, os alunos e professores da escola municipal Alvaro Lopes se uniram em um abra\u00e7o simb\u00f3lico \u00e0 sua institui\u00e7\u00e3o de ensino. Em seguida, os professores entrela\u00e7aram suas m\u00e3os em um gesto de prote\u00e7\u00e3o para com as crian\u00e7as que frequentam a escola. Esse gesto simples, mas poderoso, demonstrou o comprometimento da comunidade escolar com a seguran\u00e7a e o bem-estar dos alunos.<\/p>\n<p style=\"text-align: justify;\">Em tempos em que a viol\u00eancia e a intoler\u00e2ncia parecem estar cada vez mais presentes em nosso cotidiano, \u00e9 inspirador ver um grupo de pessoas se unindo para promover a paz e a harmonia. Que esse ato de amor e prote\u00e7\u00e3o sirva de exemplo e inspire a todos a agir com mais empatia e compaix\u00e3o em nossas pr\u00f3prias comunidades.<\/p>\n","protected":false},"excerpt":{"rendered":"<p>Recentemente, em um ato de amor e prote\u00e7\u00e3o, os alunos e professores da escola municipal Alvaro Lopes se uniram em um abra\u00e7o simb\u00f3lico \u00e0 sua institui\u00e7\u00e3o de ensino. Em seguida, os professores entrela\u00e7aram suas m\u00e3os em um gesto de prote\u00e7\u00e3o para com as crian\u00e7as que frequentam a escola. Esse gesto simples, mas poderoso, demonstrou o [&hellip;]<\/p>\n","protected":false},"author":5,"featured_media":5216,"comment_status":"closed","ping_status":"closed","sticky":false,"template":"","format":"standard","meta":{"_et_pb_use_builder":"","_et_pb_old_content":"","_et_gb_content_width":"","footnotes":""},"categories":[51],"tags":[],"class_list":["post-5214","post","type-post","status-publish","format-standard","has-post-thumbnail","hentry","category-educacao"],"_links":{"self":[{"href":"https:\/\/www.terenos.ms.gov.br\/index.php?rest_route=\/wp\/v2\/posts\/5214","targetHints":{"allow":["GET"]}}],"collection":[{"href":"https:\/\/www.terenos.ms.gov.br\/index.php?rest_route=\/wp\/v2\/posts"}],"about":[{"href":"https:\/\/www.terenos.ms.gov.br\/index.php?rest_route=\/wp\/v2\/types\/post"}],"author":[{"embeddable":true,"href":"https:\/\/www.terenos.ms.gov.br\/index.php?rest_route=\/wp\/v2\/users\/5"}],"replies":[{"embeddable":true,"href":"https:\/\/www.terenos.ms.gov.br\/index.php?rest_route=%2Fwp%2Fv2%2Fcomments&post=5214"}],"version-history":[{"count":4,"href":"https:\/\/www.terenos.ms.gov.br\/index.php?rest_route=\/wp\/v2\/posts\/5214\/revisions"}],"predecessor-version":[{"id":5223,"href":"https:\/\/www.terenos.ms.gov.br\/index.php?rest_route=\/wp\/v2\/posts\/5214\/revisions\/5223"}],"wp:featuredmedia":[{"embeddable":true,"href":"https:\/\/www.terenos.ms.gov.br\/index.php?rest_route=\/wp\/v2\/media\/5216"}],"wp:attachment":[{"href":"https:\/\/www.terenos.ms.gov.br\/index.php?rest_route=%2Fwp%2Fv2%2Fmedia&parent=5214"}],"wp:term":[{"taxonomy":"category","embeddable":true,"href":"https:\/\/www.terenos.ms.gov.br\/index.php?rest_route=%2Fwp%2Fv2%2Fcategories&post=5214"},{"taxonomy":"post_tag","embeddable":true,"href":"https:\/\/www.terenos.ms.gov.br\/index.php?rest_route=%2Fwp%2Fv2%2Ftags&post=5214"}],"curies":[{"name":"wp","href":"https:\/\/api.w.org\/{rel}","templated":true}]}}