{"id":5132,"date":"2023-04-02T09:38:04","date_gmt":"2023-04-02T13:38:04","guid":{"rendered":"https:\/\/www.terenos.ms.gov.br\/?p=5132"},"modified":"2023-04-02T11:56:23","modified_gmt":"2023-04-02T15:56:23","slug":"02-de-abril-dia-mundial-da-conscientizacao-do-autismo","status":"publish","type":"post","link":"https:\/\/www.terenos.ms.gov.br\/?p=5132","title":{"rendered":"02 de abril: Dia Mundial da Conscientiza\u00e7\u00e3o do Autismo"},"content":{"rendered":"<p style=\"text-align: justify;\">O Dia Mundial do Autismo \u00e9 celebrado em 2 de abril de cada ano, tendo sido criado pela ONU para aumentar a conscientiza\u00e7\u00e3o sobre o autismo e promover a inclus\u00e3o de pessoas com Transtorno do Espectro Autista na sociedade. O objetivo \u00e9 conscientizar a popula\u00e7\u00e3o sobre o autismo, eliminar preconceitos e estimular o respeito e a inclus\u00e3o de todas as pessoas, independentemente de suas diferen\u00e7as.<\/p>\n<p style=\"text-align: justify;\">Alessandra Leonel explica de forma clara e objetiva a import\u00e2ncia do atendimento educacional especializado (AEE) na escola Municipal Alvaro Lopes. O AEE \u00e9 um servi\u00e7o essencial para garantir a inclus\u00e3o e a participa\u00e7\u00e3o plena dos estudantes com necessidades espec\u00edficas na escola regular. A sala de recursos multifuncional, por sua vez, \u00e9 um espa\u00e7o que visa oferecer recursos pedag\u00f3gicos e de acessibilidade que eliminem as barreiras para a aprendizagem desses estudantes.<\/p>\n<p style=\"text-align: justify;\">\u00c9 fundamental que a escola esteja preparada para atender a diversidade de necessidades dos estudantes, oferecendo suporte pedag\u00f3gico e tecnol\u00f3gico adequado para cada caso. O atendimento educacional especializado pode ser oferecido em grupos, de acordo com a especificidade de cada estudante, visando sempre garantir a inclus\u00e3o e a aprendizagem significativa de todos os alunos.<\/p>\n<p style=\"text-align: justify;\">As informa\u00e7\u00f5es apresentadas pela neuropsic\u00f3loga Simone Celi Sampaio s\u00e3o importantes para entendermos um pouco mais sobre as caracter\u00edsticas do Transtorno do Espectro Autista (TEA). O autismo \u00e9 um transtorno do desenvolvimento que afeta a capacidade da pessoa de se comunicar e interagir socialmente, al\u00e9m de apresentar comportamentos repetitivos e interesses restritos.<\/p>\n<p style=\"text-align: justify;\">\u00c9 importante destacar que cada pessoa com autismo \u00e9 \u00fanica, com suas pr\u00f3prias habilidades e desafios. Por isso, o tratamento deve ser individualizado e personalizado, levando em considera\u00e7\u00e3o as necessidades espec\u00edficas de cada indiv\u00edduo.<\/p>\n<p style=\"text-align: justify;\">O m\u00e9todo ABA (An\u00e1lise do Comportamento Aplicada) \u00e9 uma das abordagens terap\u00eauticas utilizadas no tratamento do autismo. Essa t\u00e9cnica se concentra em ensinar habilidades sociais, de comunica\u00e7\u00e3o e comportamentais, al\u00e9m de ajudar a reduzir comportamentos inadequados. \u00c9 um tratamento intensivo e de longo prazo, que exige comprometimento da fam\u00edlia e dos profissionais envolvidos.<\/p>\n<p style=\"text-align: justify;\">O diagn\u00f3stico precoce do autismo \u00e9 essencial para que o tratamento possa ser iniciado o quanto antes, permitindo assim que a crian\u00e7a possa desenvolver suas habilidades e potencialidades. A fam\u00edlia tamb\u00e9m deve ser orientada e receber suporte para lidar com as necessidades e desafios da crian\u00e7a com autismo.<\/p>\n<p style=\"text-align: justify;\">\u00c9 importante lembrar que a conscientiza\u00e7\u00e3o sobre o autismo deve ser uma pr\u00e1tica cotidiana, e n\u00e3o apenas em uma data espec\u00edfica. A inclus\u00e3o social e a valoriza\u00e7\u00e3o das diferen\u00e7as devem ser pautas constantes em nossas vidas para construir uma sociedade mais justa e inclusiva.<\/p>\n","protected":false},"excerpt":{"rendered":"<p>O Dia Mundial do Autismo \u00e9 celebrado em 2 de abril de cada ano, tendo sido criado pela ONU para aumentar a conscientiza\u00e7\u00e3o sobre o autismo e promover a inclus\u00e3o de pessoas com Transtorno do Espectro Autista na sociedade. O objetivo \u00e9 conscientizar a popula\u00e7\u00e3o sobre o autismo, eliminar preconceitos e estimular o respeito e [&hellip;]<\/p>\n","protected":false},"author":5,"featured_media":5133,"comment_status":"closed","ping_status":"closed","sticky":false,"template":"","format":"standard","meta":{"_et_pb_use_builder":"","_et_pb_old_content":"","_et_gb_content_width":"","footnotes":""},"categories":[51,14],"tags":[],"class_list":["post-5132","post","type-post","status-publish","format-standard","has-post-thumbnail","hentry","category-educacao","category-saude"],"_links":{"self":[{"href":"https:\/\/www.terenos.ms.gov.br\/index.php?rest_route=\/wp\/v2\/posts\/5132","targetHints":{"allow":["GET"]}}],"collection":[{"href":"https:\/\/www.terenos.ms.gov.br\/index.php?rest_route=\/wp\/v2\/posts"}],"about":[{"href":"https:\/\/www.terenos.ms.gov.br\/index.php?rest_route=\/wp\/v2\/types\/post"}],"author":[{"embeddable":true,"href":"https:\/\/www.terenos.ms.gov.br\/index.php?rest_route=\/wp\/v2\/users\/5"}],"replies":[{"embeddable":true,"href":"https:\/\/www.terenos.ms.gov.br\/index.php?rest_route=%2Fwp%2Fv2%2Fcomments&post=5132"}],"version-history":[{"count":5,"href":"https:\/\/www.terenos.ms.gov.br\/index.php?rest_route=\/wp\/v2\/posts\/5132\/revisions"}],"predecessor-version":[{"id":5138,"href":"https:\/\/www.terenos.ms.gov.br\/index.php?rest_route=\/wp\/v2\/posts\/5132\/revisions\/5138"}],"wp:featuredmedia":[{"embeddable":true,"href":"https:\/\/www.terenos.ms.gov.br\/index.php?rest_route=\/wp\/v2\/media\/5133"}],"wp:attachment":[{"href":"https:\/\/www.terenos.ms.gov.br\/index.php?rest_route=%2Fwp%2Fv2%2Fmedia&parent=5132"}],"wp:term":[{"taxonomy":"category","embeddable":true,"href":"https:\/\/www.terenos.ms.gov.br\/index.php?rest_route=%2Fwp%2Fv2%2Fcategories&post=5132"},{"taxonomy":"post_tag","embeddable":true,"href":"https:\/\/www.terenos.ms.gov.br\/index.php?rest_route=%2Fwp%2Fv2%2Ftags&post=5132"}],"curies":[{"name":"wp","href":"https:\/\/api.w.org\/{rel}","templated":true}]}}