{"id":4820,"date":"2022-11-29T19:08:43","date_gmt":"2022-11-29T23:08:43","guid":{"rendered":"https:\/\/www.terenos.ms.gov.br\/?p=4820"},"modified":"2022-11-29T19:08:43","modified_gmt":"2022-11-29T23:08:43","slug":"1a-mostra-cultural-na-escola-alvaro-lopes","status":"publish","type":"post","link":"https:\/\/www.terenos.ms.gov.br\/?p=4820","title":{"rendered":"1\u00aa Mostra Cultural na Escola Alvaro Lopes"},"content":{"rendered":"<div dir=\"auto\" style=\"text-align: justify;\">Nesta manh\u00e3 (29), os alunos da escola municipal Alvaro Lopes, fizeram uma viagem cultura pelo planeta na 1\u00aa Mostra Cultural.<\/div>\n<div dir=\"auto\" style=\"text-align: justify;\"><\/div>\n<div dir=\"auto\" style=\"text-align: justify;\">Cada ano escolar ficou respons\u00e1vel por realizar pesquisas sobre curiosidades, moedas, cultura, culin\u00e1ria e localiza\u00e7\u00e3o geogr\u00e1fica: 1\u00ba ano &#8211; Jap\u00e3o, 2\u00ba ano &#8211; \u00c1frica, 3\u00ba ano &#8211; Paraguai, 4\u00ba ano &#8211; Portugal, 5\u00ba ano &#8211; It\u00e1lia.<\/div>\n<div dir=\"auto\" style=\"text-align: justify;\"><\/div>\n<div dir=\"auto\" style=\"text-align: justify;\">Para Rose Kurose \u201ca import\u00e2ncia da nossa mostra cultural \u00e9 que os alunos conhecessem de forma l\u00fadica diferentes pa\u00edses, saber um pouco mais sobre sua hist\u00f3ria e principais fatos que marcam aquele local. Al\u00e9m da inaugura\u00e7\u00e3o do espa\u00e7o Nestl\u00e9, que \u00a0foi um espa\u00e7o idealizado com o aux\u00edlio do Pr\u00eamio Nestl\u00e9 em nossa escola. Nos foi apresentado pela professora Jessica Rezende. Desde ent\u00e3o, cumprimos as cinco miss\u00f5es propostas pelo projeto com aux\u00edlio dos professores e alunos. O nosso objetivo desde o in\u00edcio era construir um espa\u00e7o de conviv\u00eancia que batizamos de <strong>se mexer faz bem<\/strong>. Um espa\u00e7o voltado para pr\u00e1ticas de atividades interdisciplinar, como: dan\u00e7a, teatro, capoeira e cinema. Um espa\u00e7o a mais dentro do nosso ambiente escolar voltado para ludicidade\u201d afirmou a diretora.<\/div>\n","protected":false},"excerpt":{"rendered":"<p>Nesta manh\u00e3 (29), os alunos da escola municipal Alvaro Lopes, fizeram uma viagem cultura pelo planeta na 1\u00aa Mostra Cultural. Cada ano escolar ficou respons\u00e1vel por realizar pesquisas sobre curiosidades, moedas, cultura, culin\u00e1ria e localiza\u00e7\u00e3o geogr\u00e1fica: 1\u00ba ano &#8211; Jap\u00e3o, 2\u00ba ano &#8211; \u00c1frica, 3\u00ba ano &#8211; Paraguai, 4\u00ba ano &#8211; Portugal, 5\u00ba ano &#8211; [&hellip;]<\/p>\n","protected":false},"author":5,"featured_media":4821,"comment_status":"closed","ping_status":"closed","sticky":false,"template":"","format":"standard","meta":{"_et_pb_use_builder":"","_et_pb_old_content":"","_et_gb_content_width":"","footnotes":""},"categories":[51],"tags":[],"class_list":["post-4820","post","type-post","status-publish","format-standard","has-post-thumbnail","hentry","category-educacao"],"_links":{"self":[{"href":"https:\/\/www.terenos.ms.gov.br\/index.php?rest_route=\/wp\/v2\/posts\/4820","targetHints":{"allow":["GET"]}}],"collection":[{"href":"https:\/\/www.terenos.ms.gov.br\/index.php?rest_route=\/wp\/v2\/posts"}],"about":[{"href":"https:\/\/www.terenos.ms.gov.br\/index.php?rest_route=\/wp\/v2\/types\/post"}],"author":[{"embeddable":true,"href":"https:\/\/www.terenos.ms.gov.br\/index.php?rest_route=\/wp\/v2\/users\/5"}],"replies":[{"embeddable":true,"href":"https:\/\/www.terenos.ms.gov.br\/index.php?rest_route=%2Fwp%2Fv2%2Fcomments&post=4820"}],"version-history":[{"count":1,"href":"https:\/\/www.terenos.ms.gov.br\/index.php?rest_route=\/wp\/v2\/posts\/4820\/revisions"}],"predecessor-version":[{"id":4822,"href":"https:\/\/www.terenos.ms.gov.br\/index.php?rest_route=\/wp\/v2\/posts\/4820\/revisions\/4822"}],"wp:featuredmedia":[{"embeddable":true,"href":"https:\/\/www.terenos.ms.gov.br\/index.php?rest_route=\/wp\/v2\/media\/4821"}],"wp:attachment":[{"href":"https:\/\/www.terenos.ms.gov.br\/index.php?rest_route=%2Fwp%2Fv2%2Fmedia&parent=4820"}],"wp:term":[{"taxonomy":"category","embeddable":true,"href":"https:\/\/www.terenos.ms.gov.br\/index.php?rest_route=%2Fwp%2Fv2%2Fcategories&post=4820"},{"taxonomy":"post_tag","embeddable":true,"href":"https:\/\/www.terenos.ms.gov.br\/index.php?rest_route=%2Fwp%2Fv2%2Ftags&post=4820"}],"curies":[{"name":"wp","href":"https:\/\/api.w.org\/{rel}","templated":true}]}}