{"id":4757,"date":"2022-11-14T13:50:03","date_gmt":"2022-11-14T17:50:03","guid":{"rendered":"https:\/\/www.terenos.ms.gov.br\/?p=4757"},"modified":"2022-11-14T13:50:03","modified_gmt":"2022-11-14T17:50:03","slug":"14-de-novembro-dia-nacional-da-alfabetizacao","status":"publish","type":"post","link":"https:\/\/www.terenos.ms.gov.br\/?p=4757","title":{"rendered":"14 de Novembro dia Nacional da Alfabetiza\u00e7\u00e3o"},"content":{"rendered":"<p style=\"font-weight: 400; text-align: justify;\"><strong>PROGRAMA MS ALFABETIZA<\/strong><\/p>\n<p style=\"font-weight: 400; text-align: justify;\">O\u00a0<strong>Programa MS Alfabetiza<\/strong>\u00a0\u00e9 uma parceria do Governo do Estado com os 79 (setenta e nove) munic\u00edpios e tem como objetivo melhorar o \u00edndice de conhecimento na alfabetiza\u00e7\u00e3o, ou seja, na base em que os alunos necessitam de todo o apoio para elevar o n\u00edvel de aprendizagem, \u00e9 justamente nesse processo que os professores precisam trabalhar de uma maneira diferente.<\/p>\n<p style=\"font-weight: 400; text-align: justify;\">Segundo o Professor Edmilson Moura &#8220;o Programa conta a disposi\u00e7\u00e3o de materiais complementares nos quais ajudam no processo da alfabetiza\u00e7\u00e3o e o material retrata todo cen\u00e1rio do nosso Estado com poemas e cantigas, tudo da nossa regi\u00e3o. Outro ponto positivo \u00e9 a capacita\u00e7\u00e3o dos profissionais da Educa\u00e7\u00e3o, por exemplo, n\u00f3s realizamos com os professores da pr\u00e9-escola, pr\u00e9 2 \u00a0e com os professores do primeiro e segundo ano, que \u00e9 o foco do programa para melhorar cada vez mais a quest\u00e3o da aprendizagem de todas as crian\u00e7as que est\u00e3o nessa etapa, outro aspecto importante \u00e9 a avalia\u00e7\u00e3o SAEMS\u00a0(foi implementado em Mato Grosso do Sul em 2008, para verificar os impactos do programa no desempenho dos estudantes), que foi aplicada para os alunos do segundo ano do ensino fundamental que o Estado premiar\u00e1 as 30 (trinta) melhores escolas e posteriormente, as que foram selecionadas &#8220;abra\u00e7aram&#8221; as que se encontram em situa\u00e7\u00f5es mais vulner\u00e1veis da aprendizagem&#8221;, explicou.<\/p>\n<p style=\"font-weight: 400; text-align: justify;\">A Prefeitura Municipal de Terenos juntamente com a Secret\u00e1ria de Educa\u00e7\u00e3o buscando melhorias para a alfabetiza\u00e7\u00e3o das nossas crian\u00e7as.<\/p>\n","protected":false},"excerpt":{"rendered":"<p>PROGRAMA MS ALFABETIZA O\u00a0Programa MS Alfabetiza\u00a0\u00e9 uma parceria do Governo do Estado com os 79 (setenta e nove) munic\u00edpios e tem como objetivo melhorar o \u00edndice de conhecimento na alfabetiza\u00e7\u00e3o, ou seja, na base em que os alunos necessitam de todo o apoio para elevar o n\u00edvel de aprendizagem, \u00e9 justamente nesse processo que os [&hellip;]<\/p>\n","protected":false},"author":5,"featured_media":4758,"comment_status":"closed","ping_status":"closed","sticky":false,"template":"","format":"standard","meta":{"_et_pb_use_builder":"","_et_pb_old_content":"","_et_gb_content_width":"","footnotes":""},"categories":[51],"tags":[],"class_list":["post-4757","post","type-post","status-publish","format-standard","has-post-thumbnail","hentry","category-educacao"],"_links":{"self":[{"href":"https:\/\/www.terenos.ms.gov.br\/index.php?rest_route=\/wp\/v2\/posts\/4757","targetHints":{"allow":["GET"]}}],"collection":[{"href":"https:\/\/www.terenos.ms.gov.br\/index.php?rest_route=\/wp\/v2\/posts"}],"about":[{"href":"https:\/\/www.terenos.ms.gov.br\/index.php?rest_route=\/wp\/v2\/types\/post"}],"author":[{"embeddable":true,"href":"https:\/\/www.terenos.ms.gov.br\/index.php?rest_route=\/wp\/v2\/users\/5"}],"replies":[{"embeddable":true,"href":"https:\/\/www.terenos.ms.gov.br\/index.php?rest_route=%2Fwp%2Fv2%2Fcomments&post=4757"}],"version-history":[{"count":1,"href":"https:\/\/www.terenos.ms.gov.br\/index.php?rest_route=\/wp\/v2\/posts\/4757\/revisions"}],"predecessor-version":[{"id":4759,"href":"https:\/\/www.terenos.ms.gov.br\/index.php?rest_route=\/wp\/v2\/posts\/4757\/revisions\/4759"}],"wp:featuredmedia":[{"embeddable":true,"href":"https:\/\/www.terenos.ms.gov.br\/index.php?rest_route=\/wp\/v2\/media\/4758"}],"wp:attachment":[{"href":"https:\/\/www.terenos.ms.gov.br\/index.php?rest_route=%2Fwp%2Fv2%2Fmedia&parent=4757"}],"wp:term":[{"taxonomy":"category","embeddable":true,"href":"https:\/\/www.terenos.ms.gov.br\/index.php?rest_route=%2Fwp%2Fv2%2Fcategories&post=4757"},{"taxonomy":"post_tag","embeddable":true,"href":"https:\/\/www.terenos.ms.gov.br\/index.php?rest_route=%2Fwp%2Fv2%2Ftags&post=4757"}],"curies":[{"name":"wp","href":"https:\/\/api.w.org\/{rel}","templated":true}]}}