{"id":4752,"date":"2022-11-11T19:06:28","date_gmt":"2022-11-11T23:06:28","guid":{"rendered":"https:\/\/www.terenos.ms.gov.br\/?p=4752"},"modified":"2022-11-11T20:00:22","modified_gmt":"2022-11-12T00:00:22","slug":"10a-conferencia-municipal-dos-direitos-da-crianca-e-do-adolescente","status":"publish","type":"post","link":"https:\/\/www.terenos.ms.gov.br\/?p=4752","title":{"rendered":"10\u00aa Confer\u00eancia Municipal dos Direitos da Crian\u00e7a e do Adolescente"},"content":{"rendered":"<p>Quinta-feira (10), foi realizado o segundo dia da 10\u00aa Confer\u00eancia Municipal dos Direitos da Crian\u00e7a e do Adolescente (CMDCA).<\/p>\n<p>Durante o evento foram desempenhadas diversas atividades, incluindo palestras com o Dr. Eduardo de Ara\u00fajo Portes Guedes, Promotor de Justi\u00e7a, Dra. Ester Quintanilha, Defensora P\u00fablica, com a psic\u00f3loga Lilian Mitiko Tamioka, al\u00e9m do debate e leitura em torno dos 5 (cinco) eixos.<\/p>\n<p>O objetivo da confer\u00eancia \u00e9 mobilizar crian\u00e7as, adolescentes e a sociedade para construir propostas direcionadas para afirmar o princ\u00edpio da prote\u00e7\u00e3o integral de pol\u00edticas p\u00fablicas, atrav\u00e9s dos 5 (cinco) eixos orientadores sobre a garantia dos direitos humanos no contexto pand\u00eamico e p\u00f3s-pandemia; enfrentamento das viola\u00e7\u00f5es e vulnerabilidade resultantes da pandemia COVID-19; Amplia\u00e7\u00e3o e consolida\u00e7\u00e3o da participa\u00e7\u00e3o de crian\u00e7as e adolescentes nos espa\u00e7os de discuss\u00e3o e delibera\u00e7\u00e3o de pol\u00edticas p\u00fablicas de promo\u00e7\u00e3o, prote\u00e7\u00e3o e defesa dos seus direitos, durante e p\u00f3s-pandemia; participa\u00e7\u00e3o da sociedade na delibera\u00e7\u00e3o, execu\u00e7\u00e3o, gest\u00e3o e controle social de pol\u00edticas p\u00fablicas de promo\u00e7\u00e3o, prote\u00e7\u00e3o e defesa dos direitos de crian\u00e7as e adolescentes considerando o cen\u00e1rio pand\u00eamico; e \u00a0Garantia de Recursos para as pol\u00edticas p\u00fablicas voltadas para as crian\u00e7as e adolescentes durante a p\u00f3s-pandemia da COVID-19.<\/p>\n<p>O CMDCA tamb\u00e9m definiu os delegados que representar\u00e3o o munic\u00edpio na 11\u00aa Confer\u00eancia Estadual dos Direitos da Crian\u00e7a e do Adolescente, conforme orienta\u00e7\u00e3o do Conselho Nacional dos Direitos da Crian\u00e7a e do adolescente (CONANDA).<\/p>\n","protected":false},"excerpt":{"rendered":"<p>Quinta-feira (10), foi realizado o segundo dia da 10\u00aa Confer\u00eancia Municipal dos Direitos da Crian\u00e7a e do Adolescente (CMDCA). Durante o evento foram desempenhadas diversas atividades, incluindo palestras com o Dr. Eduardo de Ara\u00fajo Portes Guedes, Promotor de Justi\u00e7a, Dra. Ester Quintanilha, Defensora P\u00fablica, com a psic\u00f3loga Lilian Mitiko Tamioka, al\u00e9m do debate e leitura [&hellip;]<\/p>\n","protected":false},"author":5,"featured_media":4753,"comment_status":"closed","ping_status":"closed","sticky":false,"template":"","format":"standard","meta":{"_et_pb_use_builder":"","_et_pb_old_content":"","_et_gb_content_width":"","footnotes":""},"categories":[49,14],"tags":[],"class_list":["post-4752","post","type-post","status-publish","format-standard","has-post-thumbnail","hentry","category-assistencia-social","category-saude"],"_links":{"self":[{"href":"https:\/\/www.terenos.ms.gov.br\/index.php?rest_route=\/wp\/v2\/posts\/4752","targetHints":{"allow":["GET"]}}],"collection":[{"href":"https:\/\/www.terenos.ms.gov.br\/index.php?rest_route=\/wp\/v2\/posts"}],"about":[{"href":"https:\/\/www.terenos.ms.gov.br\/index.php?rest_route=\/wp\/v2\/types\/post"}],"author":[{"embeddable":true,"href":"https:\/\/www.terenos.ms.gov.br\/index.php?rest_route=\/wp\/v2\/users\/5"}],"replies":[{"embeddable":true,"href":"https:\/\/www.terenos.ms.gov.br\/index.php?rest_route=%2Fwp%2Fv2%2Fcomments&post=4752"}],"version-history":[{"count":3,"href":"https:\/\/www.terenos.ms.gov.br\/index.php?rest_route=\/wp\/v2\/posts\/4752\/revisions"}],"predecessor-version":[{"id":4756,"href":"https:\/\/www.terenos.ms.gov.br\/index.php?rest_route=\/wp\/v2\/posts\/4752\/revisions\/4756"}],"wp:featuredmedia":[{"embeddable":true,"href":"https:\/\/www.terenos.ms.gov.br\/index.php?rest_route=\/wp\/v2\/media\/4753"}],"wp:attachment":[{"href":"https:\/\/www.terenos.ms.gov.br\/index.php?rest_route=%2Fwp%2Fv2%2Fmedia&parent=4752"}],"wp:term":[{"taxonomy":"category","embeddable":true,"href":"https:\/\/www.terenos.ms.gov.br\/index.php?rest_route=%2Fwp%2Fv2%2Fcategories&post=4752"},{"taxonomy":"post_tag","embeddable":true,"href":"https:\/\/www.terenos.ms.gov.br\/index.php?rest_route=%2Fwp%2Fv2%2Ftags&post=4752"}],"curies":[{"name":"wp","href":"https:\/\/api.w.org\/{rel}","templated":true}]}}