{"id":4739,"date":"2022-11-11T11:42:35","date_gmt":"2022-11-11T15:42:35","guid":{"rendered":"https:\/\/www.terenos.ms.gov.br\/?p=4739"},"modified":"2022-11-11T18:58:29","modified_gmt":"2022-11-11T22:58:29","slug":"primeiro-dia-da-10a-conferencia-municipal-dos-direitos-da-crianca-e-do-adolescente","status":"publish","type":"post","link":"https:\/\/www.terenos.ms.gov.br\/?p=4739","title":{"rendered":"primeiro dia da 10\u00aa Confer\u00eancia Municipal  dos Direitos da Crian\u00e7a e do Adolescente"},"content":{"rendered":"<div class=\"xdj266r x11i5rnm xat24cr x1mh8g0r x1vvkbs x126k92a\">\n<div dir=\"auto\" style=\"text-align: justify;\">Nesta manh\u00e3 (9), foi realizado o primeiro dia da Concrian\u00e7a<\/div>\n<div dir=\"auto\"><\/div>\n<\/div>\n<div class=\"x11i5rnm xat24cr x1mh8g0r x1vvkbs xtlvy1s x126k92a\" style=\"text-align: justify;\">\n<div dir=\"auto\">O evento teve in\u00edcio com a apresenta\u00e7\u00e3o de dan\u00e7a, palestra com Paola Nogueira Lopes Presidente do Conselho Estadual dos Direitos da Crian\u00e7a e Adolescente &#8211; CEDCA, finalizando com din\u00e2micas com a psic\u00f3loga Monica Alves.<\/div>\n<\/div>\n<div class=\"x11i5rnm xat24cr x1mh8g0r x1vvkbs xtlvy1s x126k92a\">\n<div dir=\"auto\" style=\"text-align: justify;\">Amanh\u00e3 teremos muito mais.<\/div>\n<\/div>\n","protected":false},"excerpt":{"rendered":"<p>Nesta manh\u00e3 (9), foi realizado o primeiro dia da Concrian\u00e7a O evento teve in\u00edcio com a apresenta\u00e7\u00e3o de dan\u00e7a, palestra com Paola Nogueira Lopes Presidente do Conselho Estadual dos Direitos da Crian\u00e7a e Adolescente &#8211; CEDCA, finalizando com din\u00e2micas com a psic\u00f3loga Monica Alves. Amanh\u00e3 teremos muito mais.<\/p>\n","protected":false},"author":5,"featured_media":4740,"comment_status":"closed","ping_status":"closed","sticky":false,"template":"","format":"standard","meta":{"_et_pb_use_builder":"","_et_pb_old_content":"","_et_gb_content_width":"","footnotes":""},"categories":[49,14],"tags":[],"class_list":["post-4739","post","type-post","status-publish","format-standard","has-post-thumbnail","hentry","category-assistencia-social","category-saude"],"_links":{"self":[{"href":"https:\/\/www.terenos.ms.gov.br\/index.php?rest_route=\/wp\/v2\/posts\/4739","targetHints":{"allow":["GET"]}}],"collection":[{"href":"https:\/\/www.terenos.ms.gov.br\/index.php?rest_route=\/wp\/v2\/posts"}],"about":[{"href":"https:\/\/www.terenos.ms.gov.br\/index.php?rest_route=\/wp\/v2\/types\/post"}],"author":[{"embeddable":true,"href":"https:\/\/www.terenos.ms.gov.br\/index.php?rest_route=\/wp\/v2\/users\/5"}],"replies":[{"embeddable":true,"href":"https:\/\/www.terenos.ms.gov.br\/index.php?rest_route=%2Fwp%2Fv2%2Fcomments&post=4739"}],"version-history":[{"count":2,"href":"https:\/\/www.terenos.ms.gov.br\/index.php?rest_route=\/wp\/v2\/posts\/4739\/revisions"}],"predecessor-version":[{"id":4751,"href":"https:\/\/www.terenos.ms.gov.br\/index.php?rest_route=\/wp\/v2\/posts\/4739\/revisions\/4751"}],"wp:featuredmedia":[{"embeddable":true,"href":"https:\/\/www.terenos.ms.gov.br\/index.php?rest_route=\/wp\/v2\/media\/4740"}],"wp:attachment":[{"href":"https:\/\/www.terenos.ms.gov.br\/index.php?rest_route=%2Fwp%2Fv2%2Fmedia&parent=4739"}],"wp:term":[{"taxonomy":"category","embeddable":true,"href":"https:\/\/www.terenos.ms.gov.br\/index.php?rest_route=%2Fwp%2Fv2%2Fcategories&post=4739"},{"taxonomy":"post_tag","embeddable":true,"href":"https:\/\/www.terenos.ms.gov.br\/index.php?rest_route=%2Fwp%2Fv2%2Ftags&post=4739"}],"curies":[{"name":"wp","href":"https:\/\/api.w.org\/{rel}","templated":true}]}}