{"id":4516,"date":"2022-10-08T15:15:39","date_gmt":"2022-10-08T19:15:39","guid":{"rendered":"https:\/\/www.terenos.ms.gov.br\/?p=4516"},"modified":"2022-10-08T15:15:39","modified_gmt":"2022-10-08T19:15:39","slug":"novos-conselheiros","status":"publish","type":"post","link":"https:\/\/www.terenos.ms.gov.br\/?p=4516","title":{"rendered":"Novos conselheiros"},"content":{"rendered":"<p>Ter\u00e7a-feira (13), a Equipe da Secretaria de Educa\u00e7\u00e3o e o Fundo de Manuten\u00e7\u00e3o e Desenvolvimento da Educa\u00e7\u00e3o B\u00e1sica e de Valoriza\u00e7\u00e3o dos Profissionais da Educa\u00e7\u00e3o (FUNDEB) do munic\u00edpio se reuniram para posse dos novos conselheiros. Foi realizada a presta\u00e7\u00e3o de contas, al\u00e9m da apresenta\u00e7\u00e3o do Decreto Municipal\u00a0 N\u00b0 6150 que cumpre condicionalidades da Complementa\u00e7\u00e3o do valor anual do aluno (VAAR) de acordo com o novo FUNDEB.<\/p>\n","protected":false},"excerpt":{"rendered":"<p>Ter\u00e7a-feira (13), a Equipe da Secretaria de Educa\u00e7\u00e3o e o Fundo de Manuten\u00e7\u00e3o e Desenvolvimento da Educa\u00e7\u00e3o B\u00e1sica e de Valoriza\u00e7\u00e3o dos Profissionais da Educa\u00e7\u00e3o (FUNDEB) do munic\u00edpio se reuniram para posse dos novos conselheiros. Foi realizada a presta\u00e7\u00e3o de contas, al\u00e9m da apresenta\u00e7\u00e3o do Decreto Municipal\u00a0 N\u00b0 6150 que cumpre condicionalidades da Complementa\u00e7\u00e3o do [&hellip;]<\/p>\n","protected":false},"author":5,"featured_media":4517,"comment_status":"closed","ping_status":"closed","sticky":false,"template":"","format":"standard","meta":{"_et_pb_use_builder":"","_et_pb_old_content":"","_et_gb_content_width":"","footnotes":""},"categories":[1],"tags":[],"class_list":["post-4516","post","type-post","status-publish","format-standard","has-post-thumbnail","hentry","category-sem-categoria"],"_links":{"self":[{"href":"https:\/\/www.terenos.ms.gov.br\/index.php?rest_route=\/wp\/v2\/posts\/4516","targetHints":{"allow":["GET"]}}],"collection":[{"href":"https:\/\/www.terenos.ms.gov.br\/index.php?rest_route=\/wp\/v2\/posts"}],"about":[{"href":"https:\/\/www.terenos.ms.gov.br\/index.php?rest_route=\/wp\/v2\/types\/post"}],"author":[{"embeddable":true,"href":"https:\/\/www.terenos.ms.gov.br\/index.php?rest_route=\/wp\/v2\/users\/5"}],"replies":[{"embeddable":true,"href":"https:\/\/www.terenos.ms.gov.br\/index.php?rest_route=%2Fwp%2Fv2%2Fcomments&post=4516"}],"version-history":[{"count":1,"href":"https:\/\/www.terenos.ms.gov.br\/index.php?rest_route=\/wp\/v2\/posts\/4516\/revisions"}],"predecessor-version":[{"id":4518,"href":"https:\/\/www.terenos.ms.gov.br\/index.php?rest_route=\/wp\/v2\/posts\/4516\/revisions\/4518"}],"wp:featuredmedia":[{"embeddable":true,"href":"https:\/\/www.terenos.ms.gov.br\/index.php?rest_route=\/wp\/v2\/media\/4517"}],"wp:attachment":[{"href":"https:\/\/www.terenos.ms.gov.br\/index.php?rest_route=%2Fwp%2Fv2%2Fmedia&parent=4516"}],"wp:term":[{"taxonomy":"category","embeddable":true,"href":"https:\/\/www.terenos.ms.gov.br\/index.php?rest_route=%2Fwp%2Fv2%2Fcategories&post=4516"},{"taxonomy":"post_tag","embeddable":true,"href":"https:\/\/www.terenos.ms.gov.br\/index.php?rest_route=%2Fwp%2Fv2%2Ftags&post=4516"}],"curies":[{"name":"wp","href":"https:\/\/api.w.org\/{rel}","templated":true}]}}