{"id":4197,"date":"2022-08-19T00:48:28","date_gmt":"2022-08-19T04:48:28","guid":{"rendered":"https:\/\/www.terenos.ms.gov.br\/?p=4197"},"modified":"2022-08-19T00:48:28","modified_gmt":"2022-08-19T04:48:28","slug":"tem-trofeu-para-terenos","status":"publish","type":"post","link":"https:\/\/www.terenos.ms.gov.br\/?p=4197","title":{"rendered":"Tem trof\u00e9u para Terenos"},"content":{"rendered":"<h3>A equipe da PRF que organizam o FETRAN estiveram ontem (20\/06\/2022) em nossa cidade entregando a premia\u00e7\u00e3o (bicicleta) ao aluno Rodrigo Aparecido. A pe\u00e7a Teatral &#8220;Os cumpadis da Jamic e o Tr\u00e2nsito&#8221; ficou com o pr\u00eamio de melhor ator da categoria Infanto juvenil na 11\u00b0 edi\u00e7\u00e3o do FETRAN a n\u00edvel Estadual e o Rodrigo al\u00e9m da bicicleta recebeu um trof\u00e9u. Agradecemos todos os alunos que participaram da pe\u00e7a Teatral.<br \/>\nO aluno esse ano est\u00e1 no ensino m\u00e9dio na escola Ant\u00f4nio Valadares que<br \/>\ngentilmente cederam o aluno para receber o pr\u00eamio e participaram da entrega.<\/h3>\n","protected":false},"excerpt":{"rendered":"<p>A equipe da PRF que organizam o FETRAN estiveram ontem (20\/06\/2022) em nossa cidade entregando a premia\u00e7\u00e3o (bicicleta) ao aluno Rodrigo Aparecido. A pe\u00e7a Teatral &#8220;Os cumpadis da Jamic e o Tr\u00e2nsito&#8221; ficou com o pr\u00eamio de melhor ator da categoria Infanto juvenil na 11\u00b0 edi\u00e7\u00e3o do FETRAN a n\u00edvel Estadual e o Rodrigo al\u00e9m [&hellip;]<\/p>\n","protected":false},"author":5,"featured_media":4198,"comment_status":"closed","ping_status":"closed","sticky":false,"template":"","format":"standard","meta":{"_et_pb_use_builder":"","_et_pb_old_content":"","_et_gb_content_width":"","footnotes":""},"categories":[51],"tags":[],"class_list":["post-4197","post","type-post","status-publish","format-standard","has-post-thumbnail","hentry","category-educacao"],"_links":{"self":[{"href":"https:\/\/www.terenos.ms.gov.br\/index.php?rest_route=\/wp\/v2\/posts\/4197","targetHints":{"allow":["GET"]}}],"collection":[{"href":"https:\/\/www.terenos.ms.gov.br\/index.php?rest_route=\/wp\/v2\/posts"}],"about":[{"href":"https:\/\/www.terenos.ms.gov.br\/index.php?rest_route=\/wp\/v2\/types\/post"}],"author":[{"embeddable":true,"href":"https:\/\/www.terenos.ms.gov.br\/index.php?rest_route=\/wp\/v2\/users\/5"}],"replies":[{"embeddable":true,"href":"https:\/\/www.terenos.ms.gov.br\/index.php?rest_route=%2Fwp%2Fv2%2Fcomments&post=4197"}],"version-history":[{"count":1,"href":"https:\/\/www.terenos.ms.gov.br\/index.php?rest_route=\/wp\/v2\/posts\/4197\/revisions"}],"predecessor-version":[{"id":4199,"href":"https:\/\/www.terenos.ms.gov.br\/index.php?rest_route=\/wp\/v2\/posts\/4197\/revisions\/4199"}],"wp:featuredmedia":[{"embeddable":true,"href":"https:\/\/www.terenos.ms.gov.br\/index.php?rest_route=\/wp\/v2\/media\/4198"}],"wp:attachment":[{"href":"https:\/\/www.terenos.ms.gov.br\/index.php?rest_route=%2Fwp%2Fv2%2Fmedia&parent=4197"}],"wp:term":[{"taxonomy":"category","embeddable":true,"href":"https:\/\/www.terenos.ms.gov.br\/index.php?rest_route=%2Fwp%2Fv2%2Fcategories&post=4197"},{"taxonomy":"post_tag","embeddable":true,"href":"https:\/\/www.terenos.ms.gov.br\/index.php?rest_route=%2Fwp%2Fv2%2Ftags&post=4197"}],"curies":[{"name":"wp","href":"https:\/\/api.w.org\/{rel}","templated":true}]}}